{"id":2337,"date":"2013-08-15T05:04:20","date_gmt":"2013-08-15T09:04:20","guid":{"rendered":"http:\/\/www.brazilianpress.com\/v1\/?p=2337"},"modified":"2013-08-15T05:22:16","modified_gmt":"2013-08-15T09:22:16","slug":"pato-diz-que-vai-revelar-segredo-sobre-mascara-no-proximo-domingo","status":"publish","type":"post","link":"https:\/\/www.brazilianpress.com\/v1\/2013\/08\/15\/pato-diz-que-vai-revelar-segredo-sobre-mascara-no-proximo-domingo\/","title":{"rendered":"Pato diz que vai revelar segredo sobre &#8220;m\u00e1scara&#8221; no pr\u00f3ximo domingo"},"content":{"rendered":"<p>Alexandre Pato vem chamando a aten\u00e7\u00e3o h\u00e1 algumas semanas por conta de uma comemora\u00e7\u00e3o inusitada. Com a m\u00e3o direita sobre o rosto, ele forma uma esp\u00e9cie de m\u00e1scara, que tem sido reproduzida pelos seus f\u00e3s nas redes sociais. Em entrevista coletiva, o atacante prometeu revelar, em breve, o significado do gesto.<\/p>\n<p><img loading=\"lazy\" class=\"alignnone size-full wp-image-2332\" alt=\"corinthians alexandre pato\" src=\"http:\/\/www.brazilianpress.com\/v1\/wp-content\/uploads\/2013\/08\/corinthians-alexandre-pato.jpg\" width=\"500\" height=\"300\" srcset=\"https:\/\/www.brazilianpress.com\/v1\/wp-content\/uploads\/2013\/08\/corinthians-alexandre-pato.jpg 500w, https:\/\/www.brazilianpress.com\/v1\/wp-content\/uploads\/2013\/08\/corinthians-alexandre-pato-300x180.jpg 300w\" sizes=\"(max-width: 500px) 100vw, 500px\" \/><\/p>\n<p>\u201cDomingo, se tudo der certo, eu vou revelar, mas n\u00e3o \u00e9 nada muito s\u00e9rio. O mais engra\u00e7ado \u00e9 ter um monte de gente fazendo, isso que \u00e9 importante e legal. O pessoal est\u00e1 entrando nessa mania, \u00e9 uma brincadeira que eu fa\u00e7o e logo logo eu vou falar\u201d, disse o jogador.<!--more--><\/p>\n<p>O gesto tem gerado curiosidade desde que Pato o fez pela primeira vez, na partida contra o Bahia, em que ele marcou os dois gols na vit\u00f3ria por 2 a 0. Com os dedos m\u00e9dio e anelar entrela\u00e7ados, ele forma uma esp\u00e9cie de m\u00e1scara, que foi repetida na internet por famosos e an\u00f4nimos que acompanham o trabalho do atacante corintiano.<\/p>\n<p>As especula\u00e7\u00f5es foram de uma homenagem a uma nova namorada a uma refer\u00eancia a um gesto da cultura jamaicana. Pato n\u00e3o deixou claro o que precisa &#8220;dar certo&#8221; para que ele possa contar o segredo. At\u00e9 o pr\u00f3ximo domingo, ele ter\u00e1 uma nova chance como titular contra o Fluminense, no meio da semana, no Rio de Janeiro. Quatro dias depois, ele estar\u00e1 com o Corinthians no Pacaembu, na partida contra o Coritiba.<\/p>\n<p>No \u00faltimo domingo, o est\u00e1dio deu sorte ao camisa 7. De p\u00eanalti, ele fez o segundo do Corinthians no 2 a 0 sobre o Vit\u00f3ria, que garantiu o clube de volta ao G-4 pela primeira vez desde o t\u00edtulo brasileiro de 2011. Na comemora\u00e7\u00e3o, ele at\u00e9 chegou a fazer a m\u00e1scara, mas antes aproveitou para homenagear o av\u00f4 Eliseu.<\/p>\n<p>&#8220;Na hora que eu fiz o gol, antes do jogo, o pessoal veio me abra\u00e7ar. Eu estava apontando para cima. Queria fazer homenagem ao meu av\u00f4 que faleceu h\u00e1 menos de uma semana&#8221;, explicou ele, que foi abra\u00e7ado e saudado por todos os companheiros.<\/p>\n","protected":false},"excerpt":{"rendered":"<p>Alexandre Pato vem chamando a aten\u00e7\u00e3o h\u00e1 algumas semanas por conta de uma comemora\u00e7\u00e3o inusitada. Com a m\u00e3o direita sobre o rosto, ele forma uma esp\u00e9cie de m\u00e1scara, que tem sido reproduzida pelos seus f\u00e3s nas redes sociais. Em entrevista coletiva, o atacante prometeu revelar, em breve, o significado do gesto. \u201cDomingo, se tudo der certo, eu vou revelar, mas n\u00e3o \u00e9 nada muito s\u00e9rio. O mais engra\u00e7ado \u00e9 ter um monte de gente fazendo, isso que \u00e9 importante e legal. O pessoal est\u00e1 entrando nessa mania, \u00e9 uma brincadeira que eu fa\u00e7o e logo logo eu vou falar\u201d, disse [&hellip;]<\/p>\n","protected":false},"author":1,"featured_media":2332,"comment_status":"open","ping_status":"open","sticky":false,"template":"","format":"standard","meta":{"_links_to":"","_links_to_target":""},"categories":[9,1],"tags":[],"views":2981,"_links":{"self":[{"href":"https:\/\/www.brazilianpress.com\/v1\/wp-json\/wp\/v2\/posts\/2337"}],"collection":[{"href":"https:\/\/www.brazilianpress.com\/v1\/wp-json\/wp\/v2\/posts"}],"about":[{"href":"https:\/\/www.brazilianpress.com\/v1\/wp-json\/wp\/v2\/types\/post"}],"author":[{"embeddable":true,"href":"https:\/\/www.brazilianpress.com\/v1\/wp-json\/wp\/v2\/users\/1"}],"replies":[{"embeddable":true,"href":"https:\/\/www.brazilianpress.com\/v1\/wp-json\/wp\/v2\/comments?post=2337"}],"version-history":[{"count":3,"href":"https:\/\/www.brazilianpress.com\/v1\/wp-json\/wp\/v2\/posts\/2337\/revisions"}],"predecessor-version":[{"id":2340,"href":"https:\/\/www.brazilianpress.com\/v1\/wp-json\/wp\/v2\/posts\/2337\/revisions\/2340"}],"wp:featuredmedia":[{"embeddable":true,"href":"https:\/\/www.brazilianpress.com\/v1\/wp-json\/wp\/v2\/media\/2332"}],"wp:attachment":[{"href":"https:\/\/www.brazilianpress.com\/v1\/wp-json\/wp\/v2\/media?parent=2337"}],"wp:term":[{"taxonomy":"category","embeddable":true,"href":"https:\/\/www.brazilianpress.com\/v1\/wp-json\/wp\/v2\/categories?post=2337"},{"taxonomy":"post_tag","embeddable":true,"href":"https:\/\/www.brazilianpress.com\/v1\/wp-json\/wp\/v2\/tags?post=2337"}],"curies":[{"name":"wp","href":"https:\/\/api.w.org\/{rel}","templated":true}]}}