{"id":2341,"date":"2013-08-15T05:09:00","date_gmt":"2013-08-15T09:09:00","guid":{"rendered":"http:\/\/www.brazilianpress.com\/v1\/?p=2341"},"modified":"2013-08-15T05:09:00","modified_gmt":"2013-08-15T09:09:00","slug":"homens-armados-matam-44-e-ferem-26-em-conflito-na-nigeria","status":"publish","type":"post","link":"https:\/\/www.brazilianpress.com\/v1\/2013\/08\/15\/homens-armados-matam-44-e-ferem-26-em-conflito-na-nigeria\/","title":{"rendered":"Homens armados matam 44 e ferem 26 em conflito na Nig\u00e9ria"},"content":{"rendered":"<p>Homens armados deixaram ao menos 44 mortos e 26 feridos em um ataque em uma regi\u00e3o agr\u00edcola no nordeste da Nig\u00e9ria, onde a seita isl\u00e2mica Boko Haram est\u00e1 ativa, disseram moradores e uma fonte militar na segunda-feira.<\/p>\n<p><img loading=\"lazy\" class=\"alignnone size-full wp-image-2344\" alt=\"nigeria\" src=\"http:\/\/www.brazilianpress.com\/v1\/wp-content\/uploads\/2013\/08\/nigeria.jpg\" width=\"500\" height=\"313\" srcset=\"https:\/\/www.brazilianpress.com\/v1\/wp-content\/uploads\/2013\/08\/nigeria.jpg 500w, https:\/\/www.brazilianpress.com\/v1\/wp-content\/uploads\/2013\/08\/nigeria-300x187.jpg 300w\" sizes=\"(max-width: 500px) 100vw, 500px\" \/><\/p>\n<p>Homens vestidos com camuflagem militar chegaram a Konduga na manh\u00e3 de domingo e atiraram ou agrediram at\u00e9 a morte dezenas que voltavam de ora\u00e7\u00f5es mu\u00e7ulmanas, disseram dois moradores. Outros 12 civis morreram em um ataque simult\u00e2neo na vila de Ngom, que tamb\u00e9m fica perto de Maiduguri.<!--more--><\/p>\n<p>&#8220;Eles pegaram todo mundo de surpresa com o ataque&#8221;, disse uma fonte da for\u00e7a-tarefa conjunta militar \u00e0 Reuters, pedindo para n\u00e3o ser identificada. &#8220;Eles mataram muitas pessoas.&#8221;<\/p>\n<p>Uma fonte hospitalar disse \u00e0 Reuters que 26 feridos estavam recebendo tratamento ap\u00f3s o ataque em Konduga, uma pequena cidade a cerca de 35 quil\u00f4metros de Maiduguri, capital do Estado de Borno.<\/p>\n<p>O\u00a0Boko Haram\u00a0, que quer impor a lei isl\u00e2mica sharia no norte da Nig\u00e9ria, e outros grupos isl\u00e2micos se tornaram a maior amea\u00e7a para a estabilidade no maior pa\u00eds exportador de petr\u00f3leo da \u00c1frica.<\/p>\n<p>Desde 2010, os militantes foram respons\u00e1veis por mais de 1,7 mil mortes, de acordo com uma contagem da Associated Press.<\/p>\n","protected":false},"excerpt":{"rendered":"<p>Homens armados deixaram ao menos 44 mortos e 26 feridos em um ataque em uma regi\u00e3o agr\u00edcola no nordeste da Nig\u00e9ria, onde a seita isl\u00e2mica Boko Haram est\u00e1 ativa, disseram moradores e uma fonte militar na segunda-feira. Homens vestidos com camuflagem militar chegaram a Konduga na manh\u00e3 de domingo e atiraram ou agrediram at\u00e9 a morte dezenas que voltavam de ora\u00e7\u00f5es mu\u00e7ulmanas, disseram dois moradores. Outros 12 civis morreram em um ataque simult\u00e2neo na vila de Ngom, que tamb\u00e9m fica perto de Maiduguri.<\/p>\n","protected":false},"author":1,"featured_media":2344,"comment_status":"open","ping_status":"open","sticky":false,"template":"","format":"standard","meta":{"_links_to":"","_links_to_target":""},"categories":[8,1],"tags":[],"views":2454,"_links":{"self":[{"href":"https:\/\/www.brazilianpress.com\/v1\/wp-json\/wp\/v2\/posts\/2341"}],"collection":[{"href":"https:\/\/www.brazilianpress.com\/v1\/wp-json\/wp\/v2\/posts"}],"about":[{"href":"https:\/\/www.brazilianpress.com\/v1\/wp-json\/wp\/v2\/types\/post"}],"author":[{"embeddable":true,"href":"https:\/\/www.brazilianpress.com\/v1\/wp-json\/wp\/v2\/users\/1"}],"replies":[{"embeddable":true,"href":"https:\/\/www.brazilianpress.com\/v1\/wp-json\/wp\/v2\/comments?post=2341"}],"version-history":[{"count":1,"href":"https:\/\/www.brazilianpress.com\/v1\/wp-json\/wp\/v2\/posts\/2341\/revisions"}],"predecessor-version":[{"id":2345,"href":"https:\/\/www.brazilianpress.com\/v1\/wp-json\/wp\/v2\/posts\/2341\/revisions\/2345"}],"wp:featuredmedia":[{"embeddable":true,"href":"https:\/\/www.brazilianpress.com\/v1\/wp-json\/wp\/v2\/media\/2344"}],"wp:attachment":[{"href":"https:\/\/www.brazilianpress.com\/v1\/wp-json\/wp\/v2\/media?parent=2341"}],"wp:term":[{"taxonomy":"category","embeddable":true,"href":"https:\/\/www.brazilianpress.com\/v1\/wp-json\/wp\/v2\/categories?post=2341"},{"taxonomy":"post_tag","embeddable":true,"href":"https:\/\/www.brazilianpress.com\/v1\/wp-json\/wp\/v2\/tags?post=2341"}],"curies":[{"name":"wp","href":"https:\/\/api.w.org\/{rel}","templated":true}]}}