{"id":2348,"date":"2013-08-15T05:12:04","date_gmt":"2013-08-15T09:12:04","guid":{"rendered":"http:\/\/www.brazilianpress.com\/v1\/?p=2348"},"modified":"2013-08-15T05:29:42","modified_gmt":"2013-08-15T09:29:42","slug":"vice-presidente-do-egito-renuncia-ao-cargo","status":"publish","type":"post","link":"https:\/\/www.brazilianpress.com\/v1\/2013\/08\/15\/vice-presidente-do-egito-renuncia-ao-cargo\/","title":{"rendered":"Vice-presidente do Egito renuncia ao cargo"},"content":{"rendered":"<p>Mohamed Elbaradei,\u00a0vice-presidente do Egito,\u00a0anunciou que deixar\u00e1 o governo interino de Adly Mansour ap\u00f3s a onda de viol\u00eancia que tomou conta do pa\u00eds ontem (quarta-feira, 14).<\/p>\n<p><img loading=\"lazy\" class=\"alignnone size-full wp-image-2342\" alt=\"egito protestos\" src=\"http:\/\/www.brazilianpress.com\/v1\/wp-content\/uploads\/2013\/08\/egito-protestos.jpg\" width=\"500\" height=\"339\" srcset=\"https:\/\/www.brazilianpress.com\/v1\/wp-content\/uploads\/2013\/08\/egito-protestos.jpg 500w, https:\/\/www.brazilianpress.com\/v1\/wp-content\/uploads\/2013\/08\/egito-protestos-300x203.jpg 300w\" sizes=\"(max-width: 500px) 100vw, 500px\" \/><\/p>\n<p>Pelo menos 149 pessoas morreram ap\u00f3s uma opera\u00e7\u00e3o das for\u00e7as de seguran\u00e7a para dispersar manifestantes em duas pra\u00e7as no Cairo. &#8220;Para mim \u00e9 dificil continuar a assumir a responsabilidade de tomar decis\u00f5es com as quais n\u00e3o estou de acordo&#8221;, escreveu na carta entregue a Mansour.<!--more--><\/p>\n<p>ElBaradei, pr\u00eamio Nobel da Paz em 2005 por seu trabalho na Ag\u00eancia Internacional de Energia At\u00f4mica\u00a0(AIEA) em Viena, na \u00c1ustria, retornou ao Egito em 2010 para participar da oposi\u00e7\u00e3o ao regime de Hosni Mubarak. ElBaradei apoiou ativamente o levante contra Mubarak em janeiro e fevereiro de 2011 e depois se posicionou como uma das figuras chave do movimento laico e liberal que exigiu a sa\u00edda de Mursi e a organiza\u00e7\u00e3o de elei\u00e7\u00f5es presidenciais antecipadas.<\/p>\n","protected":false},"excerpt":{"rendered":"<p>Mohamed Elbaradei,\u00a0vice-presidente do Egito,\u00a0anunciou que deixar\u00e1 o governo interino de Adly Mansour ap\u00f3s a onda de viol\u00eancia que tomou conta do pa\u00eds ontem (quarta-feira, 14). Pelo menos 149 pessoas morreram ap\u00f3s uma opera\u00e7\u00e3o das for\u00e7as de seguran\u00e7a para dispersar manifestantes em duas pra\u00e7as no Cairo. &#8220;Para mim \u00e9 dificil continuar a assumir a responsabilidade de tomar decis\u00f5es com as quais n\u00e3o estou de acordo&#8221;, escreveu na carta entregue a Mansour.<\/p>\n","protected":false},"author":1,"featured_media":2342,"comment_status":"open","ping_status":"open","sticky":false,"template":"","format":"standard","meta":{"_links_to":"","_links_to_target":""},"categories":[8,1],"tags":[],"views":2710,"_links":{"self":[{"href":"https:\/\/www.brazilianpress.com\/v1\/wp-json\/wp\/v2\/posts\/2348"}],"collection":[{"href":"https:\/\/www.brazilianpress.com\/v1\/wp-json\/wp\/v2\/posts"}],"about":[{"href":"https:\/\/www.brazilianpress.com\/v1\/wp-json\/wp\/v2\/types\/post"}],"author":[{"embeddable":true,"href":"https:\/\/www.brazilianpress.com\/v1\/wp-json\/wp\/v2\/users\/1"}],"replies":[{"embeddable":true,"href":"https:\/\/www.brazilianpress.com\/v1\/wp-json\/wp\/v2\/comments?post=2348"}],"version-history":[{"count":2,"href":"https:\/\/www.brazilianpress.com\/v1\/wp-json\/wp\/v2\/posts\/2348\/revisions"}],"predecessor-version":[{"id":2371,"href":"https:\/\/www.brazilianpress.com\/v1\/wp-json\/wp\/v2\/posts\/2348\/revisions\/2371"}],"wp:featuredmedia":[{"embeddable":true,"href":"https:\/\/www.brazilianpress.com\/v1\/wp-json\/wp\/v2\/media\/2342"}],"wp:attachment":[{"href":"https:\/\/www.brazilianpress.com\/v1\/wp-json\/wp\/v2\/media?parent=2348"}],"wp:term":[{"taxonomy":"category","embeddable":true,"href":"https:\/\/www.brazilianpress.com\/v1\/wp-json\/wp\/v2\/categories?post=2348"},{"taxonomy":"post_tag","embeddable":true,"href":"https:\/\/www.brazilianpress.com\/v1\/wp-json\/wp\/v2\/tags?post=2348"}],"curies":[{"name":"wp","href":"https:\/\/api.w.org\/{rel}","templated":true}]}}