{"id":2355,"date":"2013-08-15T05:18:22","date_gmt":"2013-08-15T09:18:22","guid":{"rendered":"http:\/\/www.brazilianpress.com\/v1\/?p=2355"},"modified":"2013-08-15T05:18:22","modified_gmt":"2013-08-15T09:18:22","slug":"pm-e-preso-acusado-de-assassinar-adolescente-no-rio-de-janeiro","status":"publish","type":"post","link":"https:\/\/www.brazilianpress.com\/v1\/2013\/08\/15\/pm-e-preso-acusado-de-assassinar-adolescente-no-rio-de-janeiro\/","title":{"rendered":"PM \u00e9 preso acusado de assassinar adolescente no Rio de Janeiro"},"content":{"rendered":"<p><img loading=\"lazy\" class=\"alignright size-full wp-image-2353\" alt=\"crime sargento\" src=\"http:\/\/www.brazilianpress.com\/v1\/wp-content\/uploads\/2013\/08\/crime-sargento.jpg\" width=\"300\" height=\"415\" srcset=\"https:\/\/www.brazilianpress.com\/v1\/wp-content\/uploads\/2013\/08\/crime-sargento.jpg 300w, https:\/\/www.brazilianpress.com\/v1\/wp-content\/uploads\/2013\/08\/crime-sargento-216x300.jpg 216w\" sizes=\"(max-width: 300px) 100vw, 300px\" \/>Rio &#8211; O sargento do 17\u00ba BPM (Ilha\u00a0do Governador) Duarte Carvalho \u00c1lvares J\u00fanior, conhecido como Mel\u00e3o, 37 anos, foi preso na manh\u00e3 de ter\u00e7a-feira(13), em casa, em Madureira, pela Divis\u00e3o de Homic\u00eddios (DH). Ele n\u00e3o resistiu \u00e0 pris\u00e3o. O militar \u00e9 acusado de matar Guilherme do Nascimento Oliveira, de 17 anos, no dia 21 de abril, durante uma briga no local conhecido como Baixo Madureira.<\/p>\n<p>Segundo as investiga\u00e7\u00f5es, o PM agrediu o adolescente na cabe\u00e7a com uma barra de ferro de dois metros. A v\u00edtima teve fratura de cr\u00e2nio e a tomografia apontou uma rachadura enorme na cabe\u00e7a de Guilherme.<!--more--><\/p>\n<p>O jovem chegou a ser levado para o Hospital Salgado Filho, no M\u00e9ier, onde morreu dia 25 de abril. Guilherme foi golpeado na cabe\u00e7a ao socorrer um amigo que havia sido agredido e estava ca\u00eddo no ch\u00e3o.<\/p>\n<p><b>V\u00edtima tentava socorrer amigo<\/b><\/p>\n<p>De acordo com as investiga\u00e7\u00f5es, o PM s\u00f3 n\u00e3o bateu mais em Guilherme porque um amigo da v\u00edtima o socorreu tendo sido agredido tamb\u00e9m. De acordo com as testemunhas, o adolescente n\u00e3o estava envolvido na confus\u00e3o e foi agredido gratuitamente pelo PM.<\/p>\n<p>Na \u00e9poca, pessoas contaram que o policial alegou que estava se defendendo de um chute que tomara por tr\u00e1s da v\u00edtima, mas a maioria das testemunhas negou o fato.\u00a0O crime foi registrado na 29\u00aa DP (Madureira) como les\u00e3o corporal no dia do fato. De acordo com as investiga\u00e7\u00f5es, a fam\u00edlia estava inconformada com o fato do assassino ser conhecido e quase dois meses depois n\u00e3o ter sido preso, ent\u00e3o em junho, o caso foi avocado para a DH que pediu a pris\u00e3o do PM sexta-feira que foi concedida pelo juiz da 4\u00aa Vara Criminal.<\/p>\n","protected":false},"excerpt":{"rendered":"<p>Rio &#8211; O sargento do 17\u00ba BPM (Ilha\u00a0do Governador) Duarte Carvalho \u00c1lvares J\u00fanior, conhecido como Mel\u00e3o, 37 anos, foi preso na manh\u00e3 de ter\u00e7a-feira(13), em casa, em Madureira, pela Divis\u00e3o de Homic\u00eddios (DH). Ele n\u00e3o resistiu \u00e0 pris\u00e3o. O militar \u00e9 acusado de matar Guilherme do Nascimento Oliveira, de 17 anos, no dia 21 de abril, durante uma briga no local conhecido como Baixo Madureira. Segundo as investiga\u00e7\u00f5es, o PM agrediu o adolescente na cabe\u00e7a com uma barra de ferro de dois metros. A v\u00edtima teve fratura de cr\u00e2nio e a tomografia apontou uma rachadura enorme na cabe\u00e7a de Guilherme.<\/p>\n","protected":false},"author":1,"featured_media":2353,"comment_status":"open","ping_status":"open","sticky":false,"template":"","format":"standard","meta":{"_links_to":"","_links_to_target":""},"categories":[7,1],"tags":[],"views":2777,"_links":{"self":[{"href":"https:\/\/www.brazilianpress.com\/v1\/wp-json\/wp\/v2\/posts\/2355"}],"collection":[{"href":"https:\/\/www.brazilianpress.com\/v1\/wp-json\/wp\/v2\/posts"}],"about":[{"href":"https:\/\/www.brazilianpress.com\/v1\/wp-json\/wp\/v2\/types\/post"}],"author":[{"embeddable":true,"href":"https:\/\/www.brazilianpress.com\/v1\/wp-json\/wp\/v2\/users\/1"}],"replies":[{"embeddable":true,"href":"https:\/\/www.brazilianpress.com\/v1\/wp-json\/wp\/v2\/comments?post=2355"}],"version-history":[{"count":1,"href":"https:\/\/www.brazilianpress.com\/v1\/wp-json\/wp\/v2\/posts\/2355\/revisions"}],"predecessor-version":[{"id":2356,"href":"https:\/\/www.brazilianpress.com\/v1\/wp-json\/wp\/v2\/posts\/2355\/revisions\/2356"}],"wp:featuredmedia":[{"embeddable":true,"href":"https:\/\/www.brazilianpress.com\/v1\/wp-json\/wp\/v2\/media\/2353"}],"wp:attachment":[{"href":"https:\/\/www.brazilianpress.com\/v1\/wp-json\/wp\/v2\/media?parent=2355"}],"wp:term":[{"taxonomy":"category","embeddable":true,"href":"https:\/\/www.brazilianpress.com\/v1\/wp-json\/wp\/v2\/categories?post=2355"},{"taxonomy":"post_tag","embeddable":true,"href":"https:\/\/www.brazilianpress.com\/v1\/wp-json\/wp\/v2\/tags?post=2355"}],"curies":[{"name":"wp","href":"https:\/\/api.w.org\/{rel}","templated":true}]}}