{"id":2357,"date":"2013-08-15T05:21:54","date_gmt":"2013-08-15T09:21:54","guid":{"rendered":"http:\/\/www.brazilianpress.com\/v1\/?p=2357"},"modified":"2013-08-15T05:37:29","modified_gmt":"2013-08-15T09:37:29","slug":"extra-atos-contra-cartel-tem-tentativas-de-invadir-assembleia-e-camara-em-sp","status":"publish","type":"post","link":"https:\/\/www.brazilianpress.com\/v1\/2013\/08\/15\/extra-atos-contra-cartel-tem-tentativas-de-invadir-assembleia-e-camara-em-sp\/","title":{"rendered":"EXTRA: Atos contra cartel t\u00eam tentativas de invadir Assembleia e C\u00e2mara em SP"},"content":{"rendered":"<p>Duas manifesta\u00e7\u00f5es realizadas nesta quarta-feira (14) contra supostas irregularidades em contratos do Metr\u00f4 de S\u00e3o Paulo e da Companhia Paulista de Trens Metropolitanos (CPTM) come\u00e7aram pac\u00edficas e terminaram com tentativas de invas\u00e3o aos pr\u00e9dios da C\u00e2mara Municipal, no Centro, e da Assembleia Legislativa, na Zona Sul da capital paulista.<!--more--><\/p>\n<p><img loading=\"lazy\" class=\"alignnone size-full wp-image-2358\" alt=\"protestos sao paulo 2\" src=\"http:\/\/www.brazilianpress.com\/v1\/wp-content\/uploads\/2013\/08\/protestos-sao-paulo-2.jpg\" width=\"500\" height=\"375\" srcset=\"https:\/\/www.brazilianpress.com\/v1\/wp-content\/uploads\/2013\/08\/protestos-sao-paulo-2.jpg 500w, https:\/\/www.brazilianpress.com\/v1\/wp-content\/uploads\/2013\/08\/protestos-sao-paulo-2-300x225.jpg 300w\" sizes=\"(max-width: 500px) 100vw, 500px\" \/><\/p>\n<p>Os manifestantes foram repelidos nos dois atos por policiais militares, que utilizaram bombas de efeito moral e de g\u00e1s lacrimog\u00eaneo. Os tumultos foram registrados na noite em que o Movimento Passe Livre (MPL), apoiado por entidades sindicais, organizou protesto pedindo a investiga\u00e7\u00e3o das den\u00fancias de cartel em licita\u00e7\u00f5es no governo paulista e melhorias no transporte p\u00fablico de S\u00e3o Paulo.<\/p>\n<p>A concentra\u00e7\u00e3o do ato convocado pelo MPL, com apoio do Sindicato dos Metrovi\u00e1rios, ocorreu a partir das 15h no Vale do Anhangaba\u00fa. Cerca de 1,5 mil manifestantes percorreram as ruas centrais da capital durante o protesto. Na Rua Boa Vista, atearam fogo a um boneco e a uma catraca de \u00f4nibus.<\/p>\n<p>Os manifestantes percorreram ruas do Centro e seguiram at\u00e9 a Pra\u00e7a da S\u00e9, onde se dividiram em pequenos grupos, de acordo com a Pol\u00edcia Militar, e protagonizaram quebradeira contra o patrim\u00f4nio em vias da regi\u00e3o central. Um manifestante detido foi levado para o 1\u00ba Distrito Policial por danos ao patrim\u00f4nio, desacato, apologia ao crime e porte de entorpecente, segundo a pol\u00edcia.<\/p>\n<p>Um dos grupos seguiu para a C\u00e2mara Municipal e houve confronto seguidos por atos de vandalismo. Vidros da fachada do pr\u00e9dio foram quebrados com pedras. No Viaduto Jacare\u00ed e na Rua Maria Paula, os manifestantes atearam fogo a sacos de lixo, formando barricadas para bloquear o tr\u00e1fego de ve\u00edculos.<\/p>\n<p>Na Avenida Liberdade, um dos grupos depredou vidros de ag\u00eancias banc\u00e1rias, de acordo com a PM. Houve quebra-quebra tamb\u00e9m na Rua 24 de Maio. Ao menos 10 manifestantes conseguiram invadir o pr\u00e9dio do legislativo municipal, onde permaneceram at\u00e9 as 21h desta quarta-feira. Depois, eles deixaram a C\u00e2mara e se dispersaram.<\/p>\n<p><img loading=\"lazy\" class=\"alignnone size-full wp-image-2359\" alt=\"protestos sao paulo\" src=\"http:\/\/www.brazilianpress.com\/v1\/wp-content\/uploads\/2013\/08\/protestos-sao-paulo.jpg\" width=\"500\" height=\"375\" srcset=\"https:\/\/www.brazilianpress.com\/v1\/wp-content\/uploads\/2013\/08\/protestos-sao-paulo.jpg 500w, https:\/\/www.brazilianpress.com\/v1\/wp-content\/uploads\/2013\/08\/protestos-sao-paulo-300x225.jpg 300w\" sizes=\"(max-width: 500px) 100vw, 500px\" \/><\/p>\n<p><strong>Tumulto na Assembleia<\/strong><\/p>\n<p>Na Assembleia Legislativa, na regi\u00e3o do Ibirapuera, na Zona Sul de S\u00e3o Paulo, ao menos 600 manifestantes entraram no pr\u00e9dio e se dividiram por dois audit\u00f3rios para acompanhar o trabalhos dos parlamentares, segundo a PM. O grupo reivindicava a cria\u00e7\u00e3o de uma CPI para investigar o suposto cartel nas licita\u00e7\u00f5es do Metr\u00f4 de S\u00e3o Paulo.<\/p>\n<p>Ao menos tr\u00eas manifestantes ficaram feridos ap\u00f3s a PM tentar dispersar os manifestantes com bombas de efeito moral. Gilson Sofia de Fran\u00e7a e Ednalva Franco foram feridos na perna e socorridos na enfermaria da Casa. Outra mulher, Severina Gomes do Amaral, foi atingida no olho e acabou levada a um hospital da regi\u00e3o.<\/p>\n<p>O major S\u00e9rgio Watanabe afirmou que n\u00e3o foram disparados tiros de bala de borracha contra os manifestantes. Um dos feridos, no entanto, mostrou aos jornalistas tr\u00eas balas desse tipo que teriam sido disparadas contra o grupo.<\/p>\n<p>Deputados estaduais disseram que as bombas teriam sido lan\u00e7adas em dire\u00e7\u00e3o aos manifestantes durante negocia\u00e7\u00e3o para definir quem podia entrar na Assembleia e acompanhar os trabalhos dos parlamentares. O major Watanabe justificou a a\u00e7\u00e3o afirmando que o grupo n\u00e3o aceitou acordo proposto pelos pr\u00f3prios deputados para a entrada de um n\u00famero limitado de manifestantes.<\/p>\n<p>O presidente da Assembleia Legislativa, Samuel Moreira, disse no plen\u00e1rio que n\u00e3o houve abuso na tentativa de conter a invas\u00e3o dos manifestantes. &#8220;H\u00e1 preocupa\u00e7\u00e3o intensa de n\u00e3o haver abuso de autoridade. Essa Casa sofreu, especialmente no dia 2, amea\u00e7a de invas\u00e3o. Adotou regras dentro do regime democr\u00e1tico e legal&#8221;, afirmou. N\u00e3o chegou a haver confronto entre manifestantes e os policiais.<\/p>\n<p>Nos dois atos, ao menos tr\u00eas pessoas foram detidas &#8211; um encaminhado ao 1\u00ba distrito policial e outros dois ao 78\u00ba distrito &#8211; e cinco policiais tiveram ferimentos leves, segundo a PM.<\/p>\n","protected":false},"excerpt":{"rendered":"<p>Duas manifesta\u00e7\u00f5es realizadas nesta quarta-feira (14) contra supostas irregularidades em contratos do Metr\u00f4 de S\u00e3o Paulo e da Companhia Paulista de Trens Metropolitanos (CPTM) come\u00e7aram pac\u00edficas e terminaram com tentativas de invas\u00e3o aos pr\u00e9dios da C\u00e2mara Municipal, no Centro, e da Assembleia Legislativa, na Zona Sul da capital paulista.<\/p>\n","protected":false},"author":1,"featured_media":2358,"comment_status":"open","ping_status":"open","sticky":false,"template":"","format":"standard","meta":{"_links_to":"","_links_to_target":""},"categories":[7,1],"tags":[],"views":2797,"_links":{"self":[{"href":"https:\/\/www.brazilianpress.com\/v1\/wp-json\/wp\/v2\/posts\/2357"}],"collection":[{"href":"https:\/\/www.brazilianpress.com\/v1\/wp-json\/wp\/v2\/posts"}],"about":[{"href":"https:\/\/www.brazilianpress.com\/v1\/wp-json\/wp\/v2\/types\/post"}],"author":[{"embeddable":true,"href":"https:\/\/www.brazilianpress.com\/v1\/wp-json\/wp\/v2\/users\/1"}],"replies":[{"embeddable":true,"href":"https:\/\/www.brazilianpress.com\/v1\/wp-json\/wp\/v2\/comments?post=2357"}],"version-history":[{"count":2,"href":"https:\/\/www.brazilianpress.com\/v1\/wp-json\/wp\/v2\/posts\/2357\/revisions"}],"predecessor-version":[{"id":2380,"href":"https:\/\/www.brazilianpress.com\/v1\/wp-json\/wp\/v2\/posts\/2357\/revisions\/2380"}],"wp:featuredmedia":[{"embeddable":true,"href":"https:\/\/www.brazilianpress.com\/v1\/wp-json\/wp\/v2\/media\/2358"}],"wp:attachment":[{"href":"https:\/\/www.brazilianpress.com\/v1\/wp-json\/wp\/v2\/media?parent=2357"}],"wp:term":[{"taxonomy":"category","embeddable":true,"href":"https:\/\/www.brazilianpress.com\/v1\/wp-json\/wp\/v2\/categories?post=2357"},{"taxonomy":"post_tag","embeddable":true,"href":"https:\/\/www.brazilianpress.com\/v1\/wp-json\/wp\/v2\/tags?post=2357"}],"curies":[{"name":"wp","href":"https:\/\/api.w.org\/{rel}","templated":true}]}}