{"id":2369,"date":"2013-08-15T05:28:50","date_gmt":"2013-08-15T09:28:50","guid":{"rendered":"http:\/\/www.brazilianpress.com\/v1\/?p=2369"},"modified":"2013-08-15T05:53:43","modified_gmt":"2013-08-15T09:53:43","slug":"esperamos-que-brasil-entenda-e-aceite-disse-kerry-sobre-espionagem-dos-eua","status":"publish","type":"post","link":"https:\/\/www.brazilianpress.com\/v1\/2013\/08\/15\/esperamos-que-brasil-entenda-e-aceite-disse-kerry-sobre-espionagem-dos-eua\/","title":{"rendered":"&#8216;Esperamos que Brasil entenda e aceite&#8217;, disse Kerry sobre espionagem dos EUA"},"content":{"rendered":"<p>O secret\u00e1rio de Estado norte-americano, John Kerry, informou na ter\u00e7a-feira que n\u00e3o h\u00e1 inten\u00e7\u00e3o do governo dos EUA de parar com as a\u00e7\u00f5es de espionagem\u00a0online e\u00a0telef\u00f4nica\u00a0que atingiram pessoas em v\u00e1rios pa\u00edses,\u00a0inclusive no Brasil\u00a0. Segundo Kerry, o programa de monitoramento faz parte da pol\u00edtica norte-americana de prote\u00e7\u00e3o aos cidad\u00e3os definida em lei aprovada ap\u00f3s os atentados do\u00a011 de Setembro\u00a0\u00a0de 2001.<\/p>\n<p><img loading=\"lazy\" class=\"alignnone size-full wp-image-2363\" alt=\"john kerry\" src=\"http:\/\/www.brazilianpress.com\/v1\/wp-content\/uploads\/2013\/08\/john-kerry.jpg\" width=\"500\" height=\"313\" srcset=\"https:\/\/www.brazilianpress.com\/v1\/wp-content\/uploads\/2013\/08\/john-kerry.jpg 500w, https:\/\/www.brazilianpress.com\/v1\/wp-content\/uploads\/2013\/08\/john-kerry-300x187.jpg 300w\" sizes=\"(max-width: 500px) 100vw, 500px\" \/><\/p>\n<p>\u201cO Congresso aprovou uma lei depois do atentado do 11 de Setembro para atender nossa vontade de querer compreender quais eram os compl\u00f4s, as organiza\u00e7\u00f5es que amea\u00e7avam a seguran\u00e7a n\u00e3o s\u00f3 dos americanos, mas de todo o mundo. Essa lei foi aprovada sob a supervis\u00e3o do Judici\u00e1rio, do Executivo, ou seja, com o aval dos tr\u00eas poderes\u201d, disse o secret\u00e1rio, referindo-se ao chamado Ato Patri\u00f3tico.<!--more--><\/p>\n<p>\u201cEsperamos que entendam e aceitem\u201d, disse Kerry em coletiva em Bras\u00edlia ao lado do ministro de Rela\u00e7\u00f5es Exteriores brasileiro, Ant\u00f4nio Patriota, em rela\u00e7\u00e3o ao esquema de espionagem no Brasil que veio \u00e0 tona h\u00e1 um m\u00eas por meio das den\u00fancias feitas por\u00a0Edward Snowden\u00a0, ex-funcion\u00e1rio de uma\u00a0prestadora de servi\u00e7os\u00a0da Ag\u00eancia de Seguran\u00e7a Nacional (NSA, na sigla em ingl\u00eas).<\/p>\n<p>Na reuni\u00e3o com Kerry, Patriota deixou claro que n\u00e3o basta, para o governo brasileiro, as explica\u00e7\u00f5es dadas pelo governo norte-americano sobre as den\u00fancias de espionagem. O Brasil, de acordo com Patriota, acredita que essas a\u00e7\u00f5es devam ser \u201cdescontinuadas\u201d.<\/p>\n<p>\u201cForam estabelecidos canais t\u00e9cnicos de comunica\u00e7\u00e3o. Os canais pol\u00edticos est\u00e3o abertos. Esclarecimentos est\u00e3o sendo solicitados, mas os estes n\u00e3o s\u00e3o um fim em si mesmo. Os esclarecimentos n\u00e3o significam aceitar o status quo\u201d, disse Patriota.<\/p>\n<p>Kerry, por sua vez, pediu que o governo brasileiro se concentre em pontos comuns da agenda bilateral dos dois pa\u00edses que, al\u00e9m das rela\u00e7\u00f5es comerciais, incluem a\u00e7\u00f5es de coopera\u00e7\u00e3o na \u00e1rea de meio ambiente, fortalecimento da democracia, defesa de direitos humanos e a\u00e7\u00f5es para desenvolvimento da educa\u00e7\u00e3o.<\/p>\n<p>\u201cElos comerciais, quest\u00f5es sobre ambiente sustent\u00e1vel, coopera\u00e7\u00e3o no campo educacional, todos esses temas devem continuar \u00e0 frente do pensamento de todos\u201d, defendeu.<\/p>\n<p>\u201cSei que as revela\u00e7\u00f5es que dizem respeito \u00e0 seguran\u00e7a nacional aborreceram as pessoas\u201d, disse Kerry . \u201cEstamos comprometidos com o governo brasileiro de forma muito direta. Estamos aqui agora e vamos continuar a ter esse di\u00e1logo. E continuaremos a ter esse di\u00e1logo at\u00e9 termos certeza de que o governo brasileiro entende perfeitamente e concorda plenamente com o que achamos que precisamos fazer para dar seguran\u00e7a n\u00e3o s\u00f3 aos norte-americanos, mas tamb\u00e9m aos brasileiros e \u00e0s demais pessoas do mundo&#8221;, disse.<\/p>\n<p>Patriota informou a Kerry que o Brasil apoia a decis\u00e3o tomada na semana passada no \u00e2mbito do Mercosul, condenando o programa de monitoramento e definindo a\u00e7\u00f5es multilaterais para garantir a soberania dos pa\u00edses.<\/p>\n","protected":false},"excerpt":{"rendered":"<p>O secret\u00e1rio de Estado norte-americano, John Kerry, informou na ter\u00e7a-feira que n\u00e3o h\u00e1 inten\u00e7\u00e3o do governo dos EUA de parar com as a\u00e7\u00f5es de espionagem\u00a0online e\u00a0telef\u00f4nica\u00a0que atingiram pessoas em v\u00e1rios pa\u00edses,\u00a0inclusive no Brasil\u00a0. Segundo Kerry, o programa de monitoramento faz parte da pol\u00edtica norte-americana de prote\u00e7\u00e3o aos cidad\u00e3os definida em lei aprovada ap\u00f3s os atentados do\u00a011 de Setembro\u00a0\u00a0de 2001. \u201cO Congresso aprovou uma lei depois do atentado do 11 de Setembro para atender nossa vontade de querer compreender quais eram os compl\u00f4s, as organiza\u00e7\u00f5es que amea\u00e7avam a seguran\u00e7a n\u00e3o s\u00f3 dos americanos, mas de todo o mundo. Essa lei foi [&hellip;]<\/p>\n","protected":false},"author":1,"featured_media":2363,"comment_status":"open","ping_status":"open","sticky":false,"template":"","format":"standard","meta":{"_links_to":"","_links_to_target":""},"categories":[1,10],"tags":[],"views":2236,"_links":{"self":[{"href":"https:\/\/www.brazilianpress.com\/v1\/wp-json\/wp\/v2\/posts\/2369"}],"collection":[{"href":"https:\/\/www.brazilianpress.com\/v1\/wp-json\/wp\/v2\/posts"}],"about":[{"href":"https:\/\/www.brazilianpress.com\/v1\/wp-json\/wp\/v2\/types\/post"}],"author":[{"embeddable":true,"href":"https:\/\/www.brazilianpress.com\/v1\/wp-json\/wp\/v2\/users\/1"}],"replies":[{"embeddable":true,"href":"https:\/\/www.brazilianpress.com\/v1\/wp-json\/wp\/v2\/comments?post=2369"}],"version-history":[{"count":3,"href":"https:\/\/www.brazilianpress.com\/v1\/wp-json\/wp\/v2\/posts\/2369\/revisions"}],"predecessor-version":[{"id":2372,"href":"https:\/\/www.brazilianpress.com\/v1\/wp-json\/wp\/v2\/posts\/2369\/revisions\/2372"}],"wp:featuredmedia":[{"embeddable":true,"href":"https:\/\/www.brazilianpress.com\/v1\/wp-json\/wp\/v2\/media\/2363"}],"wp:attachment":[{"href":"https:\/\/www.brazilianpress.com\/v1\/wp-json\/wp\/v2\/media?parent=2369"}],"wp:term":[{"taxonomy":"category","embeddable":true,"href":"https:\/\/www.brazilianpress.com\/v1\/wp-json\/wp\/v2\/categories?post=2369"},{"taxonomy":"post_tag","embeddable":true,"href":"https:\/\/www.brazilianpress.com\/v1\/wp-json\/wp\/v2\/tags?post=2369"}],"curies":[{"name":"wp","href":"https:\/\/api.w.org\/{rel}","templated":true}]}}