{"id":2375,"date":"2013-08-15T05:36:41","date_gmt":"2013-08-15T09:36:41","guid":{"rendered":"http:\/\/www.brazilianpress.com\/v1\/?p=2375"},"modified":"2013-08-20T11:20:12","modified_gmt":"2013-08-20T15:20:12","slug":"fabio-pannunzio-fala-sobre-a-dificuldade-de-ser-jornalista-hoje-no-brasil","status":"publish","type":"post","link":"https:\/\/www.brazilianpress.com\/v1\/2013\/08\/15\/fabio-pannunzio-fala-sobre-a-dificuldade-de-ser-jornalista-hoje-no-brasil\/","title":{"rendered":"F\u00e1bio Pannunzio fala sobre a dificuldade de ser jornalista hoje no Brasil"},"content":{"rendered":"<p><b><i><img loading=\"lazy\" class=\"alignright size-medium wp-image-2378\" alt=\"fabio pannunzio (2)\" src=\"http:\/\/www.brazilianpress.com\/v1\/wp-content\/uploads\/2013\/08\/fabio-pannunzio-2-234x300.jpg\" width=\"234\" height=\"300\" srcset=\"https:\/\/www.brazilianpress.com\/v1\/wp-content\/uploads\/2013\/08\/fabio-pannunzio-2-234x300.jpg 234w, https:\/\/www.brazilianpress.com\/v1\/wp-content\/uploads\/2013\/08\/fabio-pannunzio-2.jpg 500w\" sizes=\"(max-width: 234px) 100vw, 234px\" \/>Por Juliana Guimar\u00e3es<\/i><\/b><\/p>\n<p>&#8221; A liberdade de imprensa no Brasil est\u00e1 em risco&#8221;, disse o jornalista da Band no Brasil; F\u00e1bio Pannunzio. Segundo ele, os jornalistas enfrentam muitas dificuldades para trabalhar hoje.<\/p>\n<p>Um dos fatores que amea\u00e7am a liberdade de imprensa \u00e9 a autocr\u00edtica muito r\u00edgida feita por alguns jornalistas e a inser\u00e7\u00e3o de mercado, atualmente um desafio para a sobrevi\u00eancia econ\u00f4mica das empresas jornal\u00edsticas.<\/p>\n<p>\u201cEu acho que essa guerra tem que ser vencida junto com a popula\u00e7\u00e3o, porque o objetivo de quem quer calar a imprensa hoje \u00e9 justamente silenciar as cr\u00edticas e a democracia n\u00e3o convive sem as cr\u00edticas.\u201d<!--more--><\/p>\n<p>Segundo Pazzunzio, tudo isso faz com que torne-se um quadro muito dif\u00edcil, principalmente por causa da generaliza\u00e7\u00e3o. Hoje, por exemplo, \u00e9 proibido um rep\u00f3rter trabalhar em manifesta\u00e7\u00f5es no Brasil, porque as pessoas o expulsam de l\u00e1 e ele pode ser agredido, n\u00e3o h\u00e1 seguran\u00e7a alguma. O epis\u00f3dio aconteceu com F\u00e1bio em S\u00e3o Paulo nas manifesta\u00e7\u00f5es que ocorreram no Brasil no in\u00edcio da Copa das Confedera\u00e7\u00f5es. Ele foi coagido em meio \u00e0 multid\u00e3o que n\u00e3o permitiu que ele continuasse a reportagem.<\/p>\n<p>Para F\u00e1bio, nunca foi t\u00e3o dif\u00edcil ser jornalista. O anarquismo contempor\u00e2neo, segundo ele, cerca o trabalho jornal\u00edstico de amargura e desencanto. O rep\u00f3rter tamb\u00e9m falou da imprensa ninja, que nada mais \u00e9 que pessoas comuns filmando atrav\u00e9s de celulares fatos corriqueiros e importantes no meio da sociedade, fazendo com que hoje tudo vire not\u00edcia.<\/p>\n<p>F\u00e1bio foi o primeiro rep\u00f3rter de TV, brasileiro a ser admitido pelas For\u00e7as Armadas Revolucion\u00e1rias da Col\u00f4mbia em seus acampamentos, em plena selva colombiana. A experi\u00eancia forneceu mat\u00e9ria-prima para o livro A \u00daltima Trincheira, lan\u00e7ado pela Editora Record em 2001.<\/p>\n<p>Atualmente, F\u00e1bio Pannunzio faz a cobertura pol\u00edtica para a Rede Bandeirantes Nacional de Televis\u00e3o, al\u00e9m de apresentar eventualmente o Jornal da Noite , Jornal da Band, e \u00e9 o apresentador titular do dominical Canal Livre e do Band Elei\u00e7\u00f5es , exibido pela mesma emissora.Ele foi indicado como um dos 10 mais importantes rep\u00f3rteres de televis\u00e3o do Brasil em todas as edi\u00e7\u00f5es do Pr\u00eamio Comunique-se, em ao menos uma das categorias, consecutivamente.<\/p>\n<p>Em 2012, foi agraciado com o Pr\u00eamio Esso de Telejornalismo pela produ\u00e7\u00e3o da s\u00e9rie &#8220;Desaparecidos&#8221;, veiculada pelo Jornal da Band. No mesmo ano, foi o vencedor do Pr\u00eamio Abraciclo de Jornalismo pela produ\u00e7\u00e3o da s\u00e9rie &#8220;A Vida em Duas Rodas&#8221;, veiculada pela mesma emissora.<\/p>\n<p><img loading=\"lazy\" class=\"alignnone size-full wp-image-2377\" alt=\"fabio pannunzio (1)\" src=\"http:\/\/www.brazilianpress.com\/v1\/wp-content\/uploads\/2013\/08\/fabio-pannunzio-1.jpg\" width=\"500\" height=\"332\" srcset=\"https:\/\/www.brazilianpress.com\/v1\/wp-content\/uploads\/2013\/08\/fabio-pannunzio-1.jpg 500w, https:\/\/www.brazilianpress.com\/v1\/wp-content\/uploads\/2013\/08\/fabio-pannunzio-1-300x199.jpg 300w\" sizes=\"(max-width: 500px) 100vw, 500px\" \/><\/p>\n","protected":false},"excerpt":{"rendered":"<p>Por Juliana Guimar\u00e3es &#8221; A liberdade de imprensa no Brasil est\u00e1 em risco&#8221;, disse o jornalista da Band no Brasil; F\u00e1bio Pannunzio. Segundo ele, os jornalistas enfrentam muitas dificuldades para trabalhar hoje. Um dos fatores que amea\u00e7am a liberdade de imprensa \u00e9 a autocr\u00edtica muito r\u00edgida feita por alguns jornalistas e a inser\u00e7\u00e3o de mercado, atualmente um desafio para a sobrevi\u00eancia econ\u00f4mica das empresas jornal\u00edsticas. \u201cEu acho que essa guerra tem que ser vencida junto com a popula\u00e7\u00e3o, porque o objetivo de quem quer calar a imprensa hoje \u00e9 justamente silenciar as cr\u00edticas e a democracia n\u00e3o convive sem as [&hellip;]<\/p>\n","protected":false},"author":1,"featured_media":2377,"comment_status":"open","ping_status":"open","sticky":false,"template":"","format":"standard","meta":{"_links_to":"","_links_to_target":""},"categories":[4,1],"tags":[],"views":5109,"_links":{"self":[{"href":"https:\/\/www.brazilianpress.com\/v1\/wp-json\/wp\/v2\/posts\/2375"}],"collection":[{"href":"https:\/\/www.brazilianpress.com\/v1\/wp-json\/wp\/v2\/posts"}],"about":[{"href":"https:\/\/www.brazilianpress.com\/v1\/wp-json\/wp\/v2\/types\/post"}],"author":[{"embeddable":true,"href":"https:\/\/www.brazilianpress.com\/v1\/wp-json\/wp\/v2\/users\/1"}],"replies":[{"embeddable":true,"href":"https:\/\/www.brazilianpress.com\/v1\/wp-json\/wp\/v2\/comments?post=2375"}],"version-history":[{"count":3,"href":"https:\/\/www.brazilianpress.com\/v1\/wp-json\/wp\/v2\/posts\/2375\/revisions"}],"predecessor-version":[{"id":2381,"href":"https:\/\/www.brazilianpress.com\/v1\/wp-json\/wp\/v2\/posts\/2375\/revisions\/2381"}],"wp:featuredmedia":[{"embeddable":true,"href":"https:\/\/www.brazilianpress.com\/v1\/wp-json\/wp\/v2\/media\/2377"}],"wp:attachment":[{"href":"https:\/\/www.brazilianpress.com\/v1\/wp-json\/wp\/v2\/media?parent=2375"}],"wp:term":[{"taxonomy":"category","embeddable":true,"href":"https:\/\/www.brazilianpress.com\/v1\/wp-json\/wp\/v2\/categories?post=2375"},{"taxonomy":"post_tag","embeddable":true,"href":"https:\/\/www.brazilianpress.com\/v1\/wp-json\/wp\/v2\/tags?post=2375"}],"curies":[{"name":"wp","href":"https:\/\/api.w.org\/{rel}","templated":true}]}}