{"id":2387,"date":"2013-08-15T05:43:17","date_gmt":"2013-08-15T09:43:17","guid":{"rendered":"http:\/\/www.brazilianpress.com\/v1\/?p=2387"},"modified":"2013-08-15T05:43:17","modified_gmt":"2013-08-15T09:43:17","slug":"summerstage-apresenta-o-6th-la-mega-tropical-fest-com-atracoes-latinas","status":"publish","type":"post","link":"https:\/\/www.brazilianpress.com\/v1\/2013\/08\/15\/summerstage-apresenta-o-6th-la-mega-tropical-fest-com-atracoes-latinas\/","title":{"rendered":"SummerStage Apresenta o 6th La Mega Tropical Fest com Atra\u00e7\u00f5es Latinas"},"content":{"rendered":"<p><b><i><img loading=\"lazy\" class=\"alignright size-medium wp-image-2388\" alt=\"summer stage (1)\" src=\"http:\/\/www.brazilianpress.com\/v1\/wp-content\/uploads\/2013\/08\/summer-stage-1-300x195.jpg\" width=\"300\" height=\"195\" srcset=\"https:\/\/www.brazilianpress.com\/v1\/wp-content\/uploads\/2013\/08\/summer-stage-1-300x195.jpg 300w, https:\/\/www.brazilianpress.com\/v1\/wp-content\/uploads\/2013\/08\/summer-stage-1.jpg 500w\" sizes=\"(max-width: 300px) 100vw, 300px\" \/>Junior Schutt<\/i><\/b>&#8211; O City Park Foundations, continua com a programa\u00e7\u00e3o 2013 do Summer Stage, palco montado no cora\u00e7\u00e3o do Central Park com eventos e atividades culturais diversificadas, abrangendo um pouco de tudo. Neste domingo, a partir das 3h00pm, acontece o 6<sup>th<\/sup> La Mega Tropical Fest, promovido pela R\u00e1dio La Mega, trazendo atra\u00e7\u00f5es Latinas para agitar a galera, no maior evento gratuito do Ver\u00e3o promovido pela Cidade de New York.<!--more--><\/p>\n<p>Com mais de tr\u00eas d\u00e9cadas de hist\u00f3ria musical, Tito Nieves, conhecido como o \u2018Pavarotti\u2019 da Salsa, acaba de lan\u00e7ar seu 30\u00ba album de est\u00fadio, \u201cMi Ultima Grabacion\u201d, que possui todos os elementos de ra\u00edzes pr\u00f3prias que o caracterizaram como \u00edcone da Salsa e da m\u00fasica Tropical. Ao longo dos anos, ele adicionou composi\u00e7\u00f5es em ingl\u00eas, quebrando a barreira lingu\u00edstica e alcan\u00e7ando um p\u00fablico maior no estrangeiro. Ele apresentar\u00e1 sucessos como \u201cSonambulo\u201d, \u201cCan You Stop the Rain\u201d e \u201cI Like It Like That\u201d, que transformou a vers\u00e3o original em uma for\u00e7a energ\u00e9tica de vibra\u00e7\u00e3o e estilo Latino, consagrando-o ao sucesso popular.<\/p>\n<p><img loading=\"lazy\" class=\"alignleft size-full wp-image-2389\" alt=\"summer stage (2)\" src=\"http:\/\/www.brazilianpress.com\/v1\/wp-content\/uploads\/2013\/08\/summer-stage-2.jpg\" width=\"300\" height=\"149\" \/>Juntamente a ele, artistas convidados, surpresas e tamb\u00e9m o DJ Alex Sensation, um dos mais respeitados DJ\u2019s latinos de New York, nascido na Colombia. Celebrado por seus shows de sucesso na R\u00e1dio La Mega 97.9 FM, Alex \u00e9 conhecido por sua versatilidade na fus\u00e3o de batidas Tropical e Caribbean<b><i>. <\/i><\/b><b><i>(Domingo, 3pm, SummerStage Central Park, entrada pela 72 East com 5<sup>th<\/sup> Avenue. Entrada Gratuita).<\/i><\/b><\/p>\n","protected":false},"excerpt":{"rendered":"<p>Junior Schutt&#8211; O City Park Foundations, continua com a programa\u00e7\u00e3o 2013 do Summer Stage, palco montado no cora\u00e7\u00e3o do Central Park com eventos e atividades culturais diversificadas, abrangendo um pouco de tudo. Neste domingo, a partir das 3h00pm, acontece o 6th La Mega Tropical Fest, promovido pela R\u00e1dio La Mega, trazendo atra\u00e7\u00f5es Latinas para agitar a galera, no maior evento gratuito do Ver\u00e3o promovido pela Cidade de New York.<\/p>\n","protected":false},"author":1,"featured_media":2388,"comment_status":"open","ping_status":"open","sticky":false,"template":"","format":"standard","meta":{"_links_to":"","_links_to_target":""},"categories":[4,1],"tags":[],"views":2180,"_links":{"self":[{"href":"https:\/\/www.brazilianpress.com\/v1\/wp-json\/wp\/v2\/posts\/2387"}],"collection":[{"href":"https:\/\/www.brazilianpress.com\/v1\/wp-json\/wp\/v2\/posts"}],"about":[{"href":"https:\/\/www.brazilianpress.com\/v1\/wp-json\/wp\/v2\/types\/post"}],"author":[{"embeddable":true,"href":"https:\/\/www.brazilianpress.com\/v1\/wp-json\/wp\/v2\/users\/1"}],"replies":[{"embeddable":true,"href":"https:\/\/www.brazilianpress.com\/v1\/wp-json\/wp\/v2\/comments?post=2387"}],"version-history":[{"count":1,"href":"https:\/\/www.brazilianpress.com\/v1\/wp-json\/wp\/v2\/posts\/2387\/revisions"}],"predecessor-version":[{"id":2390,"href":"https:\/\/www.brazilianpress.com\/v1\/wp-json\/wp\/v2\/posts\/2387\/revisions\/2390"}],"wp:featuredmedia":[{"embeddable":true,"href":"https:\/\/www.brazilianpress.com\/v1\/wp-json\/wp\/v2\/media\/2388"}],"wp:attachment":[{"href":"https:\/\/www.brazilianpress.com\/v1\/wp-json\/wp\/v2\/media?parent=2387"}],"wp:term":[{"taxonomy":"category","embeddable":true,"href":"https:\/\/www.brazilianpress.com\/v1\/wp-json\/wp\/v2\/categories?post=2387"},{"taxonomy":"post_tag","embeddable":true,"href":"https:\/\/www.brazilianpress.com\/v1\/wp-json\/wp\/v2\/tags?post=2387"}],"curies":[{"name":"wp","href":"https:\/\/api.w.org\/{rel}","templated":true}]}}