{"id":2395,"date":"2013-08-15T05:48:37","date_gmt":"2013-08-15T09:48:37","guid":{"rendered":"http:\/\/www.brazilianpress.com\/v1\/?p=2395"},"modified":"2013-08-22T08:49:28","modified_gmt":"2013-08-22T12:49:28","slug":"cory-a-booker-prefeito-de-newark-nj-vence-primarias-para-senado","status":"publish","type":"post","link":"https:\/\/www.brazilianpress.com\/v1\/2013\/08\/15\/cory-a-booker-prefeito-de-newark-nj-vence-primarias-para-senado\/","title":{"rendered":"Cory A. Booker, prefeito de Newark, NJ, vence prim\u00e1rias para senado"},"content":{"rendered":"<p>O prefeito de Newark, NJ, Cory A. Booker, 44 anos, ganhou as elei\u00e7\u00f5es prim\u00e1rias para o senado americano e agradeceu aos eleitores que o apoiaram, falando aos jornalistas, acompanhado pelo prefeito de Hoboken Dawn Zimmer e a vereadora Beth Mason, na esta\u00e7\u00e3o de Hoboken na quarta-feira, 14 de agosto de 2013, um dia depois de ganhar a elei\u00e7\u00e3o pelos democratas para o Senado.<\/p>\n<p><img loading=\"lazy\" class=\"alignnone size-full wp-image-2396\" alt=\"Cory A. Booker mayor newark prefeito\" src=\"http:\/\/www.brazilianpress.com\/v1\/wp-content\/uploads\/2013\/08\/Cory-A.-Booker.jpg\" width=\"500\" height=\"333\" srcset=\"https:\/\/www.brazilianpress.com\/v1\/wp-content\/uploads\/2013\/08\/Cory-A.-Booker.jpg 500w, https:\/\/www.brazilianpress.com\/v1\/wp-content\/uploads\/2013\/08\/Cory-A.-Booker-300x199.jpg 300w\" sizes=\"(max-width: 500px) 100vw, 500px\" \/><\/p>\n<p>Foi uma vit\u00f3ria decisiva na noite de ter\u00e7a-feira, onde Cory Booker foi eleito por 31.343 votos, uma expressiva diferen\u00e7a, perfazendo um total de 72,6% dos votos.<!--more--><\/p>\n<p>Booker respondeu as perguntas dos rep\u00f3rteres sobre seus planos de ir para a elei\u00e7\u00e3o geral especial contra o candidato republicano Steve Lonegan e sobre algumas das cr\u00edticas que ele vem enfrentando sobre suas transa\u00e7\u00f5es financeiras. Booker passou cerca de 30 minutos cumprimentando passageiros e tirando fotos com os torcedores que como eles entrou na esta\u00e7\u00e3o de trem em seu caminho para o trabalho. Lora Arrington, uma residente de Hoboken afirmou que est\u00e1 acompanhando a carreira de Booker desde que ele foi prefeito de Newark pela primeira vez prefeito em 2006.<\/p>\n<p>Antes de Booker chegar ao Senado, ele ter\u00e1 de enfrentar um advers\u00e1rio obstinado, o republicano Steve Lonegan, que vem lutando contra Booker mesmo antes de ter sido nomeado. A vaga do senado foi deixada pelo senador Frank Lautemberg que faleceu em junho deste ano e o vencedor cumprir\u00e1 apenas os 15 meses restantes que faltava para o falecido senador em sua trajet\u00f3ria pol\u00edtica. E a vota\u00e7\u00e3o final para saber quem ficar\u00e1 com a vaga no senado ser\u00e1 no m\u00eas de outubro pr\u00f3ximo. O Partido Republicano (GOP) n\u00e3o ganha uma elei\u00e7\u00e3o para o Senado em New Jersey desde 1972. Booker disse que est\u00e1 pronto e tem apoio bipartid\u00e1rio, em Nova Jersey.<\/p>\n","protected":false},"excerpt":{"rendered":"<p>O prefeito de Newark, NJ, Cory A. Booker, 44 anos, ganhou as elei\u00e7\u00f5es prim\u00e1rias para o senado americano e agradeceu aos eleitores que o apoiaram, falando aos jornalistas, acompanhado pelo prefeito de Hoboken Dawn Zimmer e a vereadora Beth Mason, na esta\u00e7\u00e3o de Hoboken na quarta-feira, 14 de agosto de 2013, um dia depois de ganhar a elei\u00e7\u00e3o pelos democratas para o Senado. Foi uma vit\u00f3ria decisiva na noite de ter\u00e7a-feira, onde Cory Booker foi eleito por 31.343 votos, uma expressiva diferen\u00e7a, perfazendo um total de 72,6% dos votos.<\/p>\n","protected":false},"author":1,"featured_media":2396,"comment_status":"open","ping_status":"open","sticky":false,"template":"","format":"standard","meta":{"_links_to":"","_links_to_target":""},"categories":[4,1],"tags":[],"views":3177,"_links":{"self":[{"href":"https:\/\/www.brazilianpress.com\/v1\/wp-json\/wp\/v2\/posts\/2395"}],"collection":[{"href":"https:\/\/www.brazilianpress.com\/v1\/wp-json\/wp\/v2\/posts"}],"about":[{"href":"https:\/\/www.brazilianpress.com\/v1\/wp-json\/wp\/v2\/types\/post"}],"author":[{"embeddable":true,"href":"https:\/\/www.brazilianpress.com\/v1\/wp-json\/wp\/v2\/users\/1"}],"replies":[{"embeddable":true,"href":"https:\/\/www.brazilianpress.com\/v1\/wp-json\/wp\/v2\/comments?post=2395"}],"version-history":[{"count":3,"href":"https:\/\/www.brazilianpress.com\/v1\/wp-json\/wp\/v2\/posts\/2395\/revisions"}],"predecessor-version":[{"id":2399,"href":"https:\/\/www.brazilianpress.com\/v1\/wp-json\/wp\/v2\/posts\/2395\/revisions\/2399"}],"wp:featuredmedia":[{"embeddable":true,"href":"https:\/\/www.brazilianpress.com\/v1\/wp-json\/wp\/v2\/media\/2396"}],"wp:attachment":[{"href":"https:\/\/www.brazilianpress.com\/v1\/wp-json\/wp\/v2\/media?parent=2395"}],"wp:term":[{"taxonomy":"category","embeddable":true,"href":"https:\/\/www.brazilianpress.com\/v1\/wp-json\/wp\/v2\/categories?post=2395"},{"taxonomy":"post_tag","embeddable":true,"href":"https:\/\/www.brazilianpress.com\/v1\/wp-json\/wp\/v2\/tags?post=2395"}],"curies":[{"name":"wp","href":"https:\/\/api.w.org\/{rel}","templated":true}]}}