{"id":24015,"date":"2016-08-11T08:30:41","date_gmt":"2016-08-11T12:30:41","guid":{"rendered":"http:\/\/www.brazilianpress.com\/v1\/?p=24015"},"modified":"2016-08-18T09:19:16","modified_gmt":"2016-08-18T13:19:16","slug":"social-press-11082016","status":"publish","type":"post","link":"https:\/\/www.brazilianpress.com\/v1\/2016\/08\/11\/social-press-11082016\/","title":{"rendered":"Social Press . 11\/08\/2016"},"content":{"rendered":"<p><em><strong><img loading=\"lazy\" class=\"alignnone size-full wp-image-24016\" src=\"http:\/\/www.brazilianpress.com\/v1\/wp-content\/uploads\/2016\/08\/social-press-ed1796-20160811-1.jpg\" alt=\"social press ed1796 20160811 (1)\" width=\"450\" height=\"474\" srcset=\"https:\/\/www.brazilianpress.com\/v1\/wp-content\/uploads\/2016\/08\/social-press-ed1796-20160811-1.jpg 450w, https:\/\/www.brazilianpress.com\/v1\/wp-content\/uploads\/2016\/08\/social-press-ed1796-20160811-1-285x300.jpg 285w\" sizes=\"(max-width: 450px) 100vw, 450px\" \/><br \/>\nUm abra\u00e7o para nossa amiga M\u00e1rcia Assis do sal\u00e3o Marcia\u2019s Beauty Salon em Hillside, NJ<\/strong><\/em><\/p>\n<p><em><strong><img loading=\"lazy\" class=\"alignnone size-full wp-image-24017\" src=\"http:\/\/www.brazilianpress.com\/v1\/wp-content\/uploads\/2016\/08\/social-press-ed1796-20160811-2.jpg\" alt=\"social press ed1796 20160811 (2)\" width=\"350\" height=\"436\" srcset=\"https:\/\/www.brazilianpress.com\/v1\/wp-content\/uploads\/2016\/08\/social-press-ed1796-20160811-2.jpg 350w, https:\/\/www.brazilianpress.com\/v1\/wp-content\/uploads\/2016\/08\/social-press-ed1796-20160811-2-241x300.jpg 241w\" sizes=\"(max-width: 350px) 100vw, 350px\" \/><br \/>\nHappy Birthday Silvia Fernandes que comemorou com muita anima\u00e7\u00e3o. Parab\u00e9ns!<\/strong><\/em><!--more--><\/p>\n<p><em><strong><img loading=\"lazy\" class=\"alignnone size-full wp-image-24018\" src=\"http:\/\/www.brazilianpress.com\/v1\/wp-content\/uploads\/2016\/08\/social-press-ed1796-20160811-3.jpg\" alt=\"social press ed1796 20160811 (3)\" width=\"450\" height=\"258\" srcset=\"https:\/\/www.brazilianpress.com\/v1\/wp-content\/uploads\/2016\/08\/social-press-ed1796-20160811-3.jpg 450w, https:\/\/www.brazilianpress.com\/v1\/wp-content\/uploads\/2016\/08\/social-press-ed1796-20160811-3-300x172.jpg 300w\" sizes=\"(max-width: 450px) 100vw, 450px\" \/><br \/>\nNossa amiga Claudia foi ao Rio para carregar a tocha ol\u00edmpica, na foto com o esposo Aureliano Carmo e familiares<\/strong><\/em><\/p>\n<p><em><strong><img loading=\"lazy\" class=\"alignnone size-full wp-image-24019\" src=\"http:\/\/www.brazilianpress.com\/v1\/wp-content\/uploads\/2016\/08\/social-press-ed1796-20160811-4.jpg\" alt=\"social press ed1796 20160811 (4)\" width=\"450\" height=\"356\" srcset=\"https:\/\/www.brazilianpress.com\/v1\/wp-content\/uploads\/2016\/08\/social-press-ed1796-20160811-4.jpg 450w, https:\/\/www.brazilianpress.com\/v1\/wp-content\/uploads\/2016\/08\/social-press-ed1796-20160811-4-300x237.jpg 300w\" sizes=\"(max-width: 450px) 100vw, 450px\" \/><br \/>\nBilly Coutinho homem importante na comunidade portuguesa tamb\u00e9m completou mais um ano de vida. Parab\u00e9ns!!<\/strong><\/em><\/p>\n<p><em><strong><img loading=\"lazy\" class=\"alignnone size-full wp-image-24020\" src=\"http:\/\/www.brazilianpress.com\/v1\/wp-content\/uploads\/2016\/08\/social-press-ed1796-20160811-5.jpg\" alt=\"social press ed1796 20160811 (5)\" width=\"350\" height=\"343\" srcset=\"https:\/\/www.brazilianpress.com\/v1\/wp-content\/uploads\/2016\/08\/social-press-ed1796-20160811-5.jpg 350w, https:\/\/www.brazilianpress.com\/v1\/wp-content\/uploads\/2016\/08\/social-press-ed1796-20160811-5-300x294.jpg 300w\" sizes=\"(max-width: 350px) 100vw, 350px\" \/><br \/>\nNosso amigo Claudinho conhecido como (Johnny Bravo) tamb\u00e9m <\/strong><\/em><em><strong>comemora seu niver esta semana. Nossos votos de muitas felicidades!<\/strong><\/em><\/p>\n","protected":false},"excerpt":{"rendered":"<p>Um abra\u00e7o para nossa amiga M\u00e1rcia Assis do sal\u00e3o Marcia\u2019s Beauty Salon em Hillside, NJ Happy Birthday Silvia Fernandes que comemorou com muita anima\u00e7\u00e3o. Parab\u00e9ns!<\/p>\n","protected":false},"author":1,"featured_media":24016,"comment_status":"open","ping_status":"open","sticky":false,"template":"","format":"standard","meta":{"_links_to":"","_links_to_target":""},"categories":[4,19,1,6],"tags":[],"views":2785,"_links":{"self":[{"href":"https:\/\/www.brazilianpress.com\/v1\/wp-json\/wp\/v2\/posts\/24015"}],"collection":[{"href":"https:\/\/www.brazilianpress.com\/v1\/wp-json\/wp\/v2\/posts"}],"about":[{"href":"https:\/\/www.brazilianpress.com\/v1\/wp-json\/wp\/v2\/types\/post"}],"author":[{"embeddable":true,"href":"https:\/\/www.brazilianpress.com\/v1\/wp-json\/wp\/v2\/users\/1"}],"replies":[{"embeddable":true,"href":"https:\/\/www.brazilianpress.com\/v1\/wp-json\/wp\/v2\/comments?post=24015"}],"version-history":[{"count":1,"href":"https:\/\/www.brazilianpress.com\/v1\/wp-json\/wp\/v2\/posts\/24015\/revisions"}],"predecessor-version":[{"id":24021,"href":"https:\/\/www.brazilianpress.com\/v1\/wp-json\/wp\/v2\/posts\/24015\/revisions\/24021"}],"wp:featuredmedia":[{"embeddable":true,"href":"https:\/\/www.brazilianpress.com\/v1\/wp-json\/wp\/v2\/media\/24016"}],"wp:attachment":[{"href":"https:\/\/www.brazilianpress.com\/v1\/wp-json\/wp\/v2\/media?parent=24015"}],"wp:term":[{"taxonomy":"category","embeddable":true,"href":"https:\/\/www.brazilianpress.com\/v1\/wp-json\/wp\/v2\/categories?post=24015"},{"taxonomy":"post_tag","embeddable":true,"href":"https:\/\/www.brazilianpress.com\/v1\/wp-json\/wp\/v2\/tags?post=24015"}],"curies":[{"name":"wp","href":"https:\/\/api.w.org\/{rel}","templated":true}]}}