{"id":24179,"date":"2016-08-18T14:41:22","date_gmt":"2016-08-18T18:41:22","guid":{"rendered":"http:\/\/www.brazilianpress.com\/v1\/?p=24179"},"modified":"2016-08-18T14:41:22","modified_gmt":"2016-08-18T18:41:22","slug":"moma-apresenta-filmografia-completa-de-almodovar-em-nova-york","status":"publish","type":"post","link":"https:\/\/www.brazilianpress.com\/v1\/2016\/08\/18\/moma-apresenta-filmografia-completa-de-almodovar-em-nova-york\/","title":{"rendered":"MoMA apresenta filmografia completa de Almod\u00f3var em Nova York"},"content":{"rendered":"<p><img loading=\"lazy\" class=\"alignnone size-full wp-image-24180\" src=\"http:\/\/www.brazilianpress.com\/v1\/wp-content\/uploads\/2016\/08\/almodovar.jpg\" alt=\"almodovar\" width=\"500\" height=\"310\" srcset=\"https:\/\/www.brazilianpress.com\/v1\/wp-content\/uploads\/2016\/08\/almodovar.jpg 500w, https:\/\/www.brazilianpress.com\/v1\/wp-content\/uploads\/2016\/08\/almodovar-300x186.jpg 300w\" sizes=\"(max-width: 500px) 100vw, 500px\" \/><\/p>\n<p>O MoMa de Nova York exibir\u00e1 entre os dias 29 de novembro e 17 de dezembro a filmografia completa do diretor espanhol Pedro Almod\u00f3var, que tamb\u00e9m participar\u00e1 de um encontro com o p\u00fablico.<!--more--> Ele lan\u00e7ar\u00e1 no museu a sua \u00faltima obra, &#8220;Julieta&#8221;, protagonizada por Emma Su\u00e1rez e Adriana Ugarte. Almod\u00f3var estar\u00e1 em Nova York no dia 29 de novembro durante a proje\u00e7\u00e3o de &#8220;Julieta&#8221;. Esta ser\u00e1 a maior exposi\u00e7\u00e3o realizada at\u00e9 hoje sobre o cineasta.<\/p>\n","protected":false},"excerpt":{"rendered":"<p>O MoMa de Nova York exibir\u00e1 entre os dias 29 de novembro e 17 de dezembro a filmografia completa do diretor espanhol Pedro Almod\u00f3var, que tamb\u00e9m participar\u00e1 de um encontro com o p\u00fablico.<\/p>\n","protected":false},"author":1,"featured_media":24180,"comment_status":"open","ping_status":"open","sticky":false,"template":"","format":"standard","meta":{"_links_to":"","_links_to_target":""},"categories":[4,1],"tags":[],"views":1910,"_links":{"self":[{"href":"https:\/\/www.brazilianpress.com\/v1\/wp-json\/wp\/v2\/posts\/24179"}],"collection":[{"href":"https:\/\/www.brazilianpress.com\/v1\/wp-json\/wp\/v2\/posts"}],"about":[{"href":"https:\/\/www.brazilianpress.com\/v1\/wp-json\/wp\/v2\/types\/post"}],"author":[{"embeddable":true,"href":"https:\/\/www.brazilianpress.com\/v1\/wp-json\/wp\/v2\/users\/1"}],"replies":[{"embeddable":true,"href":"https:\/\/www.brazilianpress.com\/v1\/wp-json\/wp\/v2\/comments?post=24179"}],"version-history":[{"count":1,"href":"https:\/\/www.brazilianpress.com\/v1\/wp-json\/wp\/v2\/posts\/24179\/revisions"}],"predecessor-version":[{"id":24181,"href":"https:\/\/www.brazilianpress.com\/v1\/wp-json\/wp\/v2\/posts\/24179\/revisions\/24181"}],"wp:featuredmedia":[{"embeddable":true,"href":"https:\/\/www.brazilianpress.com\/v1\/wp-json\/wp\/v2\/media\/24180"}],"wp:attachment":[{"href":"https:\/\/www.brazilianpress.com\/v1\/wp-json\/wp\/v2\/media?parent=24179"}],"wp:term":[{"taxonomy":"category","embeddable":true,"href":"https:\/\/www.brazilianpress.com\/v1\/wp-json\/wp\/v2\/categories?post=24179"},{"taxonomy":"post_tag","embeddable":true,"href":"https:\/\/www.brazilianpress.com\/v1\/wp-json\/wp\/v2\/tags?post=24179"}],"curies":[{"name":"wp","href":"https:\/\/api.w.org\/{rel}","templated":true}]}}