{"id":24182,"date":"2016-08-18T14:47:02","date_gmt":"2016-08-18T18:47:02","guid":{"rendered":"http:\/\/www.brazilianpress.com\/v1\/?p=24182"},"modified":"2016-08-18T14:47:02","modified_gmt":"2016-08-18T18:47:02","slug":"inaugurado-o-world-trade-center-mall-na-estacao-de-luxo","status":"publish","type":"post","link":"https:\/\/www.brazilianpress.com\/v1\/2016\/08\/18\/inaugurado-o-world-trade-center-mall-na-estacao-de-luxo\/","title":{"rendered":"Inaugurado o World Trade Center Mall na esta\u00e7\u00e3o de luxo"},"content":{"rendered":"<p><img loading=\"lazy\" class=\"alignnone size-full wp-image-24186\" src=\"http:\/\/www.brazilianpress.com\/v1\/wp-content\/uploads\/2016\/08\/world-trade-center-mall-4.jpg\" alt=\"world trade center mall (4)\" width=\"500\" height=\"333\" srcset=\"https:\/\/www.brazilianpress.com\/v1\/wp-content\/uploads\/2016\/08\/world-trade-center-mall-4.jpg 500w, https:\/\/www.brazilianpress.com\/v1\/wp-content\/uploads\/2016\/08\/world-trade-center-mall-4-300x200.jpg 300w\" sizes=\"(max-width: 500px) 100vw, 500px\" \/><\/p>\n<p><em><strong>By Naila Santos<\/strong><\/em><\/p>\n<p>A rede Westfield, uma das l\u00edderes no mercado mundial de shopping centers, inaugurou nesta ter\u00e7a-feira, 16 de agosto, um novo centro de compras. Mais de 100 lojas abriram as portas no complexo do World Trade Center, sendo o primeiro grande centro para comprar, comer e relaxar na Lower Manhattan, com quase 34.000 metros quadrados. Dentre v\u00e1rios grandes nomes, encontra-se a maior loja da Apple dos Estados Unidos. Uma nova unidade do Eataly, Victoria\u00b4s Secret, Michael Kors, Sephora tamb\u00e9m est\u00e3o presentes.<!--more--><\/p>\n<p><img loading=\"lazy\" class=\"alignnone size-full wp-image-24188\" src=\"http:\/\/www.brazilianpress.com\/v1\/wp-content\/uploads\/2016\/08\/world-trade-center-mall-6.jpg\" alt=\"world trade center mall (6)\" width=\"500\" height=\"667\" srcset=\"https:\/\/www.brazilianpress.com\/v1\/wp-content\/uploads\/2016\/08\/world-trade-center-mall-6.jpg 500w, https:\/\/www.brazilianpress.com\/v1\/wp-content\/uploads\/2016\/08\/world-trade-center-mall-6-225x300.jpg 225w\" sizes=\"(max-width: 500px) 100vw, 500px\" \/><\/p>\n<p>A celebra\u00e7\u00e3o aconteceu \u00e0 partir do meio-dia , incluindo atra\u00e7\u00f5es musicais como do Harlem Gospel Choir, bem como do elenco da Broadway &#8221; School of Rock &#8220;, dentre outros. Jordan Smith, vencedor da nona temporada do The Voice, tamb\u00e9m abrilhantou a programa\u00e7\u00e3o. Os espectadores al\u00e9m de boa m\u00fasica e confort\u00e1veis assentos, contaram com um servi\u00e7o especial de entrega gratuita de snacks. A programa\u00e7\u00e3o correu com muita organiza\u00e7\u00e3o e com um forte policiamento presente no local.<\/p>\n<p><img loading=\"lazy\" class=\"alignnone size-full wp-image-24187\" src=\"http:\/\/www.brazilianpress.com\/v1\/wp-content\/uploads\/2016\/08\/world-trade-center-mall-5.jpg\" alt=\"world trade center mall (5)\" width=\"500\" height=\"320\" srcset=\"https:\/\/www.brazilianpress.com\/v1\/wp-content\/uploads\/2016\/08\/world-trade-center-mall-5.jpg 500w, https:\/\/www.brazilianpress.com\/v1\/wp-content\/uploads\/2016\/08\/world-trade-center-mall-5-300x192.jpg 300w\" sizes=\"(max-width: 500px) 100vw, 500px\" \/><\/p>\n<p>A esta\u00e7\u00e3o de trens do World Trade Center (WTC), nomeada Oculus, foi inaugurada silenciosamente em mar\u00e7o deste ano, fruto de um projeto do arquiteto espanhol Santiago Calatrava, que levou 12 anos para se concretizar. Prevista para ser conclu\u00edda em 2009, a obra foi entregue com sete anos de atraso e custou quase 4 bilh\u00f5es d\u00f3lares, sendo considerada a esta\u00e7\u00e3o mais cara do mundo.<\/p>\n<p><img loading=\"lazy\" class=\"alignnone size-full wp-image-24184\" src=\"http:\/\/www.brazilianpress.com\/v1\/wp-content\/uploads\/2016\/08\/world-trade-center-mall-2.jpg\" alt=\"world trade center mall (2)\" width=\"500\" height=\"359\" srcset=\"https:\/\/www.brazilianpress.com\/v1\/wp-content\/uploads\/2016\/08\/world-trade-center-mall-2.jpg 500w, https:\/\/www.brazilianpress.com\/v1\/wp-content\/uploads\/2016\/08\/world-trade-center-mall-2-300x215.jpg 300w\" sizes=\"(max-width: 500px) 100vw, 500px\" \/><\/p>\n<p>A esta\u00e7\u00e3o que conecta os trens suburbanos com destino a Nova Jersey (PATH) com algumas linhas de metr\u00f4, chama \u00e0 aten\u00e7\u00e3o pela arquitetura, atraindo muitos turistas. \u00c9 impressionante o luxo e a impon\u00eancia do local. Por fora o edif\u00edcio tem vigas que apontam para o c\u00e9u, que remetem a uma ave abrindo as asas para levantar voo. Por dentro, o sal\u00e3o gigantesco Oculus, que mede 111 metros de altura. Tudo \u00e9 feito de m\u00e1rmore e parece mais um museu modern\u00edssimo do que uma esta\u00e7\u00e3o ferrovi\u00e1ria. Essa esta\u00e7\u00e3o futurista fica na \u00e1rea transformada em memorial depois dos atentados do 11 de Setembro e definitivamente vale a pena uma visita.<\/p>\n<p><img loading=\"lazy\" class=\"alignnone size-full wp-image-24185\" src=\"http:\/\/www.brazilianpress.com\/v1\/wp-content\/uploads\/2016\/08\/world-trade-center-mall-3.jpg\" alt=\"world trade center mall (3)\" width=\"500\" height=\"401\" srcset=\"https:\/\/www.brazilianpress.com\/v1\/wp-content\/uploads\/2016\/08\/world-trade-center-mall-3.jpg 500w, https:\/\/www.brazilianpress.com\/v1\/wp-content\/uploads\/2016\/08\/world-trade-center-mall-3-300x241.jpg 300w\" sizes=\"(max-width: 500px) 100vw, 500px\" \/><\/p>\n<p><img loading=\"lazy\" class=\"alignnone size-full wp-image-24183\" src=\"http:\/\/www.brazilianpress.com\/v1\/wp-content\/uploads\/2016\/08\/world-trade-center-mall-1.jpg\" alt=\"world trade center mall (1)\" width=\"500\" height=\"305\" srcset=\"https:\/\/www.brazilianpress.com\/v1\/wp-content\/uploads\/2016\/08\/world-trade-center-mall-1.jpg 500w, https:\/\/www.brazilianpress.com\/v1\/wp-content\/uploads\/2016\/08\/world-trade-center-mall-1-300x183.jpg 300w\" sizes=\"(max-width: 500px) 100vw, 500px\" \/><\/p>\n","protected":false},"excerpt":{"rendered":"<p>By Naila Santos A rede Westfield, uma das l\u00edderes no mercado mundial de shopping centers, inaugurou nesta ter\u00e7a-feira, 16 de agosto, um novo centro de compras. Mais de 100 lojas abriram as portas no complexo do World Trade Center, sendo o primeiro grande centro para comprar, comer e relaxar na Lower Manhattan, com quase 34.000 metros quadrados. Dentre v\u00e1rios grandes nomes, encontra-se a maior loja da Apple dos Estados Unidos. Uma nova unidade do Eataly, Victoria\u00b4s Secret, Michael Kors, Sephora tamb\u00e9m est\u00e3o presentes.<\/p>\n","protected":false},"author":1,"featured_media":24186,"comment_status":"open","ping_status":"open","sticky":false,"template":"","format":"standard","meta":{"_links_to":"","_links_to_target":""},"categories":[4,19,1],"tags":[],"views":3848,"_links":{"self":[{"href":"https:\/\/www.brazilianpress.com\/v1\/wp-json\/wp\/v2\/posts\/24182"}],"collection":[{"href":"https:\/\/www.brazilianpress.com\/v1\/wp-json\/wp\/v2\/posts"}],"about":[{"href":"https:\/\/www.brazilianpress.com\/v1\/wp-json\/wp\/v2\/types\/post"}],"author":[{"embeddable":true,"href":"https:\/\/www.brazilianpress.com\/v1\/wp-json\/wp\/v2\/users\/1"}],"replies":[{"embeddable":true,"href":"https:\/\/www.brazilianpress.com\/v1\/wp-json\/wp\/v2\/comments?post=24182"}],"version-history":[{"count":1,"href":"https:\/\/www.brazilianpress.com\/v1\/wp-json\/wp\/v2\/posts\/24182\/revisions"}],"predecessor-version":[{"id":24189,"href":"https:\/\/www.brazilianpress.com\/v1\/wp-json\/wp\/v2\/posts\/24182\/revisions\/24189"}],"wp:featuredmedia":[{"embeddable":true,"href":"https:\/\/www.brazilianpress.com\/v1\/wp-json\/wp\/v2\/media\/24186"}],"wp:attachment":[{"href":"https:\/\/www.brazilianpress.com\/v1\/wp-json\/wp\/v2\/media?parent=24182"}],"wp:term":[{"taxonomy":"category","embeddable":true,"href":"https:\/\/www.brazilianpress.com\/v1\/wp-json\/wp\/v2\/categories?post=24182"},{"taxonomy":"post_tag","embeddable":true,"href":"https:\/\/www.brazilianpress.com\/v1\/wp-json\/wp\/v2\/tags?post=24182"}],"curies":[{"name":"wp","href":"https:\/\/api.w.org\/{rel}","templated":true}]}}