{"id":24193,"date":"2016-08-18T14:50:16","date_gmt":"2016-08-18T18:50:16","guid":{"rendered":"http:\/\/www.brazilianpress.com\/v1\/?p=24193"},"modified":"2016-08-18T14:50:16","modified_gmt":"2016-08-18T18:50:16","slug":"o-cantor-ney-alves-lanca-sua-nova-musica-de-trabalho","status":"publish","type":"post","link":"https:\/\/www.brazilianpress.com\/v1\/2016\/08\/18\/o-cantor-ney-alves-lanca-sua-nova-musica-de-trabalho\/","title":{"rendered":"O cantor Ney Alves lan\u00e7a sua nova m\u00fasica de trabalho!"},"content":{"rendered":"<p><img loading=\"lazy\" class=\"alignnone size-full wp-image-24194\" src=\"http:\/\/www.brazilianpress.com\/v1\/wp-content\/uploads\/2016\/08\/ney-alves.jpg\" alt=\"ney alves\" width=\"500\" height=\"344\" srcset=\"https:\/\/www.brazilianpress.com\/v1\/wp-content\/uploads\/2016\/08\/ney-alves.jpg 500w, https:\/\/www.brazilianpress.com\/v1\/wp-content\/uploads\/2016\/08\/ney-alves-300x206.jpg 300w\" sizes=\"(max-width: 500px) 100vw, 500px\" \/><\/p>\n<p><strong>Irm\u00e3o de Daniel Alves, \u00e9 a nova aposta do forr\u00f3!<\/strong><\/p>\n<p>Ney Alves nasceu em Salitre, munic\u00edpio da cidade de Juazeiro, na Bahia. E como toda crian\u00e7a, sonhava em ser jogador de futebol. Irm\u00e3o do craque Daniel Alves, Ney seguiu carreira como jogador profissional em v\u00e1rios clubes do Nordeste.<!--more--><\/p>\n<p>Ney tamb\u00e9m tinha a m\u00fasica como sua paix\u00e3o e sempre cantava nos momentos de concentra\u00e7\u00e3o do Clube, despertando cada vez mais seu interesse e talento na \u00e1rea musical.<\/p>\n<p>Em 2006, o jogador sofreu uma les\u00e3o no joelho, o afastando do futebol e o aproximando da m\u00fasica. Foi a partir de ent\u00e3o, que Ney iniciou sua carreira como cantor. Com o incentivo do irm\u00e3o, o artista montou sua banda de forr\u00f3 e h\u00e1 6 anos vem realizando v\u00e1rios shows pelo Nordeste.<\/p>\n<p>Com repert\u00f3rios de m\u00fasicas de sua autoria e outras consagradas, Ney Alves deixa boa impress\u00e3o nos palcos com a &#8220;Pegada do Neg\u00e3o&#8221;, fazendo o p\u00fablico dan\u00e7ar com seu estilo pr\u00f3prio.<\/p>\n<p>O cantor que \u00e9 a mais nova aposta do forr\u00f3, lan\u00e7a sua nova m\u00fasica de trabalho &#8220;T\u00f4 Aqui Bebendo&#8221; e que promete ser o hit mais tocado nos quatro cantos do Brasil. &#8220;Estou muito feliz e ansioso por ser m\u00fasica de minha autoria e ter sido feita com uma super produ\u00e7\u00e3o&#8221;, disse o cantor!<\/p>\n","protected":false},"excerpt":{"rendered":"<p>Irm\u00e3o de Daniel Alves, \u00e9 a nova aposta do forr\u00f3! Ney Alves nasceu em Salitre, munic\u00edpio da cidade de Juazeiro, na Bahia. E como toda crian\u00e7a, sonhava em ser jogador de futebol. Irm\u00e3o do craque Daniel Alves, Ney seguiu carreira como jogador profissional em v\u00e1rios clubes do Nordeste.<\/p>\n","protected":false},"author":1,"featured_media":24194,"comment_status":"open","ping_status":"open","sticky":false,"template":"","format":"standard","meta":{"_links_to":"","_links_to_target":""},"categories":[4,1],"tags":[],"views":3538,"_links":{"self":[{"href":"https:\/\/www.brazilianpress.com\/v1\/wp-json\/wp\/v2\/posts\/24193"}],"collection":[{"href":"https:\/\/www.brazilianpress.com\/v1\/wp-json\/wp\/v2\/posts"}],"about":[{"href":"https:\/\/www.brazilianpress.com\/v1\/wp-json\/wp\/v2\/types\/post"}],"author":[{"embeddable":true,"href":"https:\/\/www.brazilianpress.com\/v1\/wp-json\/wp\/v2\/users\/1"}],"replies":[{"embeddable":true,"href":"https:\/\/www.brazilianpress.com\/v1\/wp-json\/wp\/v2\/comments?post=24193"}],"version-history":[{"count":1,"href":"https:\/\/www.brazilianpress.com\/v1\/wp-json\/wp\/v2\/posts\/24193\/revisions"}],"predecessor-version":[{"id":24195,"href":"https:\/\/www.brazilianpress.com\/v1\/wp-json\/wp\/v2\/posts\/24193\/revisions\/24195"}],"wp:featuredmedia":[{"embeddable":true,"href":"https:\/\/www.brazilianpress.com\/v1\/wp-json\/wp\/v2\/media\/24194"}],"wp:attachment":[{"href":"https:\/\/www.brazilianpress.com\/v1\/wp-json\/wp\/v2\/media?parent=24193"}],"wp:term":[{"taxonomy":"category","embeddable":true,"href":"https:\/\/www.brazilianpress.com\/v1\/wp-json\/wp\/v2\/categories?post=24193"},{"taxonomy":"post_tag","embeddable":true,"href":"https:\/\/www.brazilianpress.com\/v1\/wp-json\/wp\/v2\/tags?post=24193"}],"curies":[{"name":"wp","href":"https:\/\/api.w.org\/{rel}","templated":true}]}}