{"id":24196,"date":"2016-08-18T14:51:50","date_gmt":"2016-08-18T18:51:50","guid":{"rendered":"http:\/\/www.brazilianpress.com\/v1\/?p=24196"},"modified":"2016-08-18T14:51:50","modified_gmt":"2016-08-18T18:51:50","slug":"25-anos-depois-menina-que-sonhava-matar-os-pais-virou-enfermeira","status":"publish","type":"post","link":"https:\/\/www.brazilianpress.com\/v1\/2016\/08\/18\/25-anos-depois-menina-que-sonhava-matar-os-pais-virou-enfermeira\/","title":{"rendered":"25 anos depois, menina que sonhava matar os pais virou enfermeira"},"content":{"rendered":"<p><img loading=\"lazy\" class=\"alignnone size-full wp-image-24197\" src=\"http:\/\/www.brazilianpress.com\/v1\/wp-content\/uploads\/2016\/08\/25-anos.jpg\" alt=\"25 anos\" width=\"500\" height=\"389\" srcset=\"https:\/\/www.brazilianpress.com\/v1\/wp-content\/uploads\/2016\/08\/25-anos.jpg 500w, https:\/\/www.brazilianpress.com\/v1\/wp-content\/uploads\/2016\/08\/25-anos-300x233.jpg 300w\" sizes=\"(max-width: 500px) 100vw, 500px\" \/><\/p>\n<p>A inf\u00e2ncia de Elizabeth Thomas foi dur\u00edssima. Estuprada pelo pai biol\u00f3gico, ela foi abandonada antes dos seis anos e desenvolveu um raro transtorno psicol\u00f3gico. Elizabeth queria todos mortos.<!--more--><\/p>\n<p>N\u00e3o \u00e0 toa, sua vida virou um document\u00e1rio quando ela tinha apenas seis anos. \u00c0 \u00e9poca, ela impressionava pelo desejo de que todos seus familiares adotivos morressem. N\u00e3o raramente, era pega torturando seu irm\u00e3o mais novo.<\/p>\n<p>O document\u00e1rio A Ira de um Anjo mostra como Beth vivia ao fim da primeira inf\u00e2ncia. Torturava, al\u00e9m de seu irm\u00e3o, diversos animais, que depois eram mortos. Os m\u00e9dicos nunca souberam diagnosticar ao certo qual o dist\u00farbio dela.<\/p>\n<p>Lan\u00e7ado 25 anos atr\u00e1s, o document\u00e1rio foi um marco na vida de Beth. Ap\u00f3s sua veicula\u00e7\u00e3o, ela foi internada em uma cl\u00ednica para crian\u00e7as com dist\u00farbios mentais e sumiu da m\u00eddia. Os pais temiam que a exposi\u00e7\u00e3o piorasse o quadro dela.<\/p>\n<p>Hoje, 25 anos depois, Beth reapareceu. \u00c9 uma enfermeira formada e que atende principalmente crian\u00e7as v\u00edtimas de abusos sexuais. Os m\u00e9dicos afirmam at\u00e9 hoje que sua condi\u00e7\u00e3o n\u00e3o est\u00e1 curada, mas sob controle.<\/p>\n<p>Por isso Beth foca seu trabalho em v\u00edtimas como ela. Porque ela sabe, mais do que ningu\u00e9m, quanto os traumas da inf\u00e2ncia podem destruir a vida de uma pessoa.<\/p>\n","protected":false},"excerpt":{"rendered":"<p>A inf\u00e2ncia de Elizabeth Thomas foi dur\u00edssima. Estuprada pelo pai biol\u00f3gico, ela foi abandonada antes dos seis anos e desenvolveu um raro transtorno psicol\u00f3gico. Elizabeth queria todos mortos.<\/p>\n","protected":false},"author":1,"featured_media":24197,"comment_status":"open","ping_status":"open","sticky":false,"template":"","format":"standard","meta":{"_links_to":"","_links_to_target":""},"categories":[4,1],"tags":[],"views":2666,"_links":{"self":[{"href":"https:\/\/www.brazilianpress.com\/v1\/wp-json\/wp\/v2\/posts\/24196"}],"collection":[{"href":"https:\/\/www.brazilianpress.com\/v1\/wp-json\/wp\/v2\/posts"}],"about":[{"href":"https:\/\/www.brazilianpress.com\/v1\/wp-json\/wp\/v2\/types\/post"}],"author":[{"embeddable":true,"href":"https:\/\/www.brazilianpress.com\/v1\/wp-json\/wp\/v2\/users\/1"}],"replies":[{"embeddable":true,"href":"https:\/\/www.brazilianpress.com\/v1\/wp-json\/wp\/v2\/comments?post=24196"}],"version-history":[{"count":1,"href":"https:\/\/www.brazilianpress.com\/v1\/wp-json\/wp\/v2\/posts\/24196\/revisions"}],"predecessor-version":[{"id":24198,"href":"https:\/\/www.brazilianpress.com\/v1\/wp-json\/wp\/v2\/posts\/24196\/revisions\/24198"}],"wp:featuredmedia":[{"embeddable":true,"href":"https:\/\/www.brazilianpress.com\/v1\/wp-json\/wp\/v2\/media\/24197"}],"wp:attachment":[{"href":"https:\/\/www.brazilianpress.com\/v1\/wp-json\/wp\/v2\/media?parent=24196"}],"wp:term":[{"taxonomy":"category","embeddable":true,"href":"https:\/\/www.brazilianpress.com\/v1\/wp-json\/wp\/v2\/categories?post=24196"},{"taxonomy":"post_tag","embeddable":true,"href":"https:\/\/www.brazilianpress.com\/v1\/wp-json\/wp\/v2\/tags?post=24196"}],"curies":[{"name":"wp","href":"https:\/\/api.w.org\/{rel}","templated":true}]}}