{"id":24205,"date":"2016-08-18T14:55:54","date_gmt":"2016-08-18T18:55:54","guid":{"rendered":"http:\/\/www.brazilianpress.com\/v1\/?p=24205"},"modified":"2016-08-18T14:55:54","modified_gmt":"2016-08-18T18:55:54","slug":"morre-crianca-de-5-anos-vitima-de-incendio-em-little-ferry-nj","status":"publish","type":"post","link":"https:\/\/www.brazilianpress.com\/v1\/2016\/08\/18\/morre-crianca-de-5-anos-vitima-de-incendio-em-little-ferry-nj\/","title":{"rendered":"Morre crian\u00e7a de 5 anos v\u00edtima de inc\u00eandio em Little Ferry, NJ"},"content":{"rendered":"<p><img loading=\"lazy\" class=\"alignright size-full wp-image-24206\" src=\"http:\/\/www.brazilianpress.com\/v1\/wp-content\/uploads\/2016\/08\/morre-crianca.jpg\" alt=\"morre crianca\" width=\"300\" height=\"252\" \/>Uma menina de 5 anos perdeu a vida v\u00edtima em um grande inc\u00eandio em New Jersey. O inc\u00eandio tamb\u00e9m deixou pelo menos cinco pessoas feridas, uma delas um menor de idade.\u00a0<!--more--><\/p>\n<p>O sinistro ocorreu no 109 da Washington Avenue na cidade de Little Ferry, \u00e0s 11h30 p.m. Duas mulheres permanecem hospitalizadas. Uma delas com queimaduras de segundo e terceiro grau em 100% do corpo.<\/p>\n<p>Residentes e testemunhas garantem haver escutado uma enorme explos\u00e3o. As imagens mostram os momentos de caos e p\u00e2nico que viveram os 8 residentes da casa de tr\u00eas pisos com m\u00faltiplos apartamentos. A causa do inc\u00eandio permanece sob investiga\u00e7\u00e3o, mas acredita-se que as chamas iniciaram dentro da garagem da casa onde os investigadores do departamento de bombeiros ficaram por toda a manh\u00e3.<\/p>\n","protected":false},"excerpt":{"rendered":"<p>Uma menina de 5 anos perdeu a vida v\u00edtima em um grande inc\u00eandio em New Jersey. O inc\u00eandio tamb\u00e9m deixou pelo menos cinco pessoas feridas, uma delas um menor de idade.\u00a0<\/p>\n","protected":false},"author":1,"featured_media":24206,"comment_status":"open","ping_status":"open","sticky":false,"template":"","format":"standard","meta":{"_links_to":"","_links_to_target":""},"categories":[4,1],"tags":[],"views":1907,"_links":{"self":[{"href":"https:\/\/www.brazilianpress.com\/v1\/wp-json\/wp\/v2\/posts\/24205"}],"collection":[{"href":"https:\/\/www.brazilianpress.com\/v1\/wp-json\/wp\/v2\/posts"}],"about":[{"href":"https:\/\/www.brazilianpress.com\/v1\/wp-json\/wp\/v2\/types\/post"}],"author":[{"embeddable":true,"href":"https:\/\/www.brazilianpress.com\/v1\/wp-json\/wp\/v2\/users\/1"}],"replies":[{"embeddable":true,"href":"https:\/\/www.brazilianpress.com\/v1\/wp-json\/wp\/v2\/comments?post=24205"}],"version-history":[{"count":1,"href":"https:\/\/www.brazilianpress.com\/v1\/wp-json\/wp\/v2\/posts\/24205\/revisions"}],"predecessor-version":[{"id":24207,"href":"https:\/\/www.brazilianpress.com\/v1\/wp-json\/wp\/v2\/posts\/24205\/revisions\/24207"}],"wp:featuredmedia":[{"embeddable":true,"href":"https:\/\/www.brazilianpress.com\/v1\/wp-json\/wp\/v2\/media\/24206"}],"wp:attachment":[{"href":"https:\/\/www.brazilianpress.com\/v1\/wp-json\/wp\/v2\/media?parent=24205"}],"wp:term":[{"taxonomy":"category","embeddable":true,"href":"https:\/\/www.brazilianpress.com\/v1\/wp-json\/wp\/v2\/categories?post=24205"},{"taxonomy":"post_tag","embeddable":true,"href":"https:\/\/www.brazilianpress.com\/v1\/wp-json\/wp\/v2\/tags?post=24205"}],"curies":[{"name":"wp","href":"https:\/\/api.w.org\/{rel}","templated":true}]}}