{"id":24211,"date":"2016-08-18T14:59:00","date_gmt":"2016-08-18T18:59:00","guid":{"rendered":"http:\/\/www.brazilianpress.com\/v1\/?p=24211"},"modified":"2016-08-25T15:11:19","modified_gmt":"2016-08-25T19:11:19","slug":"medico-e-outros-sete-indiciados-por-distribuicao-ilegal-de-comprimidos-de-oxicodona-em-new-jersey","status":"publish","type":"post","link":"https:\/\/www.brazilianpress.com\/v1\/2016\/08\/18\/medico-e-outros-sete-indiciados-por-distribuicao-ilegal-de-comprimidos-de-oxicodona-em-new-jersey\/","title":{"rendered":"M\u00e9dico e outros sete indiciados por distribui\u00e7\u00e3o ilegal de comprimidos de oxicodona em New Jersey"},"content":{"rendered":"<p><img loading=\"lazy\" class=\"alignnone size-full wp-image-24212\" src=\"http:\/\/www.brazilianpress.com\/v1\/wp-content\/uploads\/2016\/08\/medico.jpg\" alt=\"medico\" width=\"500\" height=\"375\" srcset=\"https:\/\/www.brazilianpress.com\/v1\/wp-content\/uploads\/2016\/08\/medico.jpg 500w, https:\/\/www.brazilianpress.com\/v1\/wp-content\/uploads\/2016\/08\/medico-300x225.jpg 300w\" sizes=\"(max-width: 500px) 100vw, 500px\" \/><\/p>\n<p>O Procurador-Geral, Christopher S. Porrino, anunciou que um m\u00e9dico e outros sete r\u00e9us foram acusados por um grande j\u00fari de operarem um ponto de droga ilegalmente distribu\u00eddos, sendo dezenas de milhares de p\u00edlulas de alta dosagem de oxicodona, um analg\u00e9sico viciante.<!--more--><\/p>\n<p>O m\u00e9dico, que praticava em Somerset County, enfrenta acusa\u00e7\u00e3o em primeiro grau de responsabilidade direta pela morte induzida pela droga em conex\u00e3o com a morte por overdose do filho de um dos outros membros do grupo.<\/p>\n<p>O Dr. George Beecher, 75, de New Providence, foi julgado pela responsabilidade de morte induzida por drogas (1\u00ba grau), conspira\u00e7\u00e3o para distribuir subst\u00e2ncia controlada perigosa (oxicodona) (2\u00ba grau), acusa\u00e7\u00e3o de distribui\u00e7\u00e3o de oxicodona (2\u00aa grau), e acusa\u00e7\u00e3o de distribui\u00e7\u00e3o de alprazolam (vulgarmente conhecido pelo nome de Xanax) (3\u00ba grau).<\/p>\n<p>Para fornecer as drogas, Beecher prescrevia sem prop\u00f3sito m\u00e9dico leg\u00edtimo dezenas de milhares de comprimidos de 30 mg comprimidos de oxicodona nos nomes de pessoas que nunca foram examinadas, tratadas ou mesmo conhecidas.<\/p>\n<p>Ele fez numerosas prescri\u00e7\u00f5es para Jason Stoveken, de oxicodona e Xanax o que causou a morte por overdose da v\u00edtima em julho de 2013.<\/p>\n<p>A segunda acusa\u00e7\u00e3o indicia os seguintes r\u00e9us de conspira\u00e7\u00e3o por distribuir subst\u00e2ncia controlada perigosa (oxicodona) (2\u00ba grau) e distribui\u00e7\u00e3o de oxicodona (2\u00ba grau): John J. Burnham, 41 anos, de South Plainfield, NJ; Andrew Stoveken, 66, de Edison, NJ; Jared Burnham, 31, de South Plainfield, NJ; George Sara, 37, de Bordentown, NJ; Marlena Burnham, 37 anos, de Piscataway, NJ; Donn Ponta, 34 anos, de Somerset, NJ e Jamar Mayers, 32, de Green Brook, NJ.<\/p>\n<p>A maioria dos r\u00e9us foi inicialmente presa e acusada em dezembro de 2015. Os detetives executaram um mandado de busca em 16 de dezembro no consult\u00f3rio m\u00e9dico de Beecher no Monte Boulevard Extens\u00e3o em Warren, NJ.<\/p>\n","protected":false},"excerpt":{"rendered":"<p>O Procurador-Geral, Christopher S. Porrino, anunciou que um m\u00e9dico e outros sete r\u00e9us foram acusados por um grande j\u00fari de operarem um ponto de droga ilegalmente distribu\u00eddos, sendo dezenas de milhares de p\u00edlulas de alta dosagem de oxicodona, um analg\u00e9sico viciante.<\/p>\n","protected":false},"author":1,"featured_media":24212,"comment_status":"open","ping_status":"open","sticky":false,"template":"","format":"standard","meta":{"_links_to":"","_links_to_target":""},"categories":[4,1],"tags":[],"views":2966,"_links":{"self":[{"href":"https:\/\/www.brazilianpress.com\/v1\/wp-json\/wp\/v2\/posts\/24211"}],"collection":[{"href":"https:\/\/www.brazilianpress.com\/v1\/wp-json\/wp\/v2\/posts"}],"about":[{"href":"https:\/\/www.brazilianpress.com\/v1\/wp-json\/wp\/v2\/types\/post"}],"author":[{"embeddable":true,"href":"https:\/\/www.brazilianpress.com\/v1\/wp-json\/wp\/v2\/users\/1"}],"replies":[{"embeddable":true,"href":"https:\/\/www.brazilianpress.com\/v1\/wp-json\/wp\/v2\/comments?post=24211"}],"version-history":[{"count":1,"href":"https:\/\/www.brazilianpress.com\/v1\/wp-json\/wp\/v2\/posts\/24211\/revisions"}],"predecessor-version":[{"id":24213,"href":"https:\/\/www.brazilianpress.com\/v1\/wp-json\/wp\/v2\/posts\/24211\/revisions\/24213"}],"wp:featuredmedia":[{"embeddable":true,"href":"https:\/\/www.brazilianpress.com\/v1\/wp-json\/wp\/v2\/media\/24212"}],"wp:attachment":[{"href":"https:\/\/www.brazilianpress.com\/v1\/wp-json\/wp\/v2\/media?parent=24211"}],"wp:term":[{"taxonomy":"category","embeddable":true,"href":"https:\/\/www.brazilianpress.com\/v1\/wp-json\/wp\/v2\/categories?post=24211"},{"taxonomy":"post_tag","embeddable":true,"href":"https:\/\/www.brazilianpress.com\/v1\/wp-json\/wp\/v2\/tags?post=24211"}],"curies":[{"name":"wp","href":"https:\/\/api.w.org\/{rel}","templated":true}]}}