{"id":24231,"date":"2016-08-25T09:03:02","date_gmt":"2016-08-25T13:03:02","guid":{"rendered":"http:\/\/www.brazilianpress.com\/v1\/?p=24231"},"modified":"2016-09-01T09:31:05","modified_gmt":"2016-09-01T13:31:05","slug":"social-press-25082016","status":"publish","type":"post","link":"https:\/\/www.brazilianpress.com\/v1\/2016\/08\/25\/social-press-25082016\/","title":{"rendered":"Social Press . 25\/08\/2016"},"content":{"rendered":"<p><strong><em><img loading=\"lazy\" class=\"alignnone size-full wp-image-24225\" src=\"http:\/\/www.brazilianpress.com\/v1\/wp-content\/uploads\/2016\/08\/social-press-ed1798-20160825-2.jpg\" alt=\"social press ed1798 20160825 (2)\" width=\"450\" height=\"220\" srcset=\"https:\/\/www.brazilianpress.com\/v1\/wp-content\/uploads\/2016\/08\/social-press-ed1798-20160825-2.jpg 450w, https:\/\/www.brazilianpress.com\/v1\/wp-content\/uploads\/2016\/08\/social-press-ed1798-20160825-2-300x147.jpg 300w\" sizes=\"(max-width: 450px) 100vw, 450px\" \/><br \/>\nMuita anima\u00e7\u00e3o Churrasco e moda de viola de auto n\u00edvel com Cleyton e Romario diretamente de BH.<\/em><\/strong><\/p>\n<p><strong><em><img loading=\"lazy\" class=\"alignnone size-full wp-image-24226\" src=\"http:\/\/www.brazilianpress.com\/v1\/wp-content\/uploads\/2016\/08\/social-press-ed1798-20160825-3.jpg\" alt=\"social press ed1798 20160825 (3)\" width=\"450\" height=\"259\" srcset=\"https:\/\/www.brazilianpress.com\/v1\/wp-content\/uploads\/2016\/08\/social-press-ed1798-20160825-3.jpg 450w, https:\/\/www.brazilianpress.com\/v1\/wp-content\/uploads\/2016\/08\/social-press-ed1798-20160825-3-300x173.jpg 300w\" sizes=\"(max-width: 450px) 100vw, 450px\" \/><br \/>\nOs membros da Igreja Adventista de Newark receberam o grupo musical Art Trio, e realizaram um animado picnic no Liberty Park.<\/em><\/strong><!--more--><\/p>\n<p><strong><em><img loading=\"lazy\" class=\"alignnone size-full wp-image-24227\" src=\"http:\/\/www.brazilianpress.com\/v1\/wp-content\/uploads\/2016\/08\/social-press-ed1798-20160825-4.jpg\" alt=\"social press ed1798 20160825 (4)\" width=\"450\" height=\"377\" srcset=\"https:\/\/www.brazilianpress.com\/v1\/wp-content\/uploads\/2016\/08\/social-press-ed1798-20160825-4.jpg 450w, https:\/\/www.brazilianpress.com\/v1\/wp-content\/uploads\/2016\/08\/social-press-ed1798-20160825-4-300x251.jpg 300w\" sizes=\"(max-width: 450px) 100vw, 450px\" \/><br \/>\nFelicita\u00e7\u00f5es ao camarada portugu\u00eas Fabio Fernando Soares, aqui no aconchego com o filhote, essa fofura presente de Deus.<\/em><\/strong><\/p>\n<p><strong><em><img loading=\"lazy\" class=\"alignnone size-full wp-image-24228\" src=\"http:\/\/www.brazilianpress.com\/v1\/wp-content\/uploads\/2016\/08\/social-press-ed1798-20160825-5.jpg\" alt=\"social press ed1798 20160825 (5)\" width=\"450\" height=\"356\" srcset=\"https:\/\/www.brazilianpress.com\/v1\/wp-content\/uploads\/2016\/08\/social-press-ed1798-20160825-5.jpg 450w, https:\/\/www.brazilianpress.com\/v1\/wp-content\/uploads\/2016\/08\/social-press-ed1798-20160825-5-300x237.jpg 300w\" sizes=\"(max-width: 450px) 100vw, 450px\" \/><br \/>\nNossa amiga Patrizzia Costa, lider do grupo de motociclistas Medusas, celebrou mais uma Primavera, ao lado do marido Junior. Happy Birthday!!!<\/em><\/strong><\/p>\n<p><strong><em><img loading=\"lazy\" class=\"alignnone size-full wp-image-24224\" src=\"http:\/\/www.brazilianpress.com\/v1\/wp-content\/uploads\/2016\/08\/social-press-ed1798-20160825-1.jpg\" alt=\"social press ed1798 20160825 (1)\" width=\"450\" height=\"337\" srcset=\"https:\/\/www.brazilianpress.com\/v1\/wp-content\/uploads\/2016\/08\/social-press-ed1798-20160825-1.jpg 450w, https:\/\/www.brazilianpress.com\/v1\/wp-content\/uploads\/2016\/08\/social-press-ed1798-20160825-1-300x225.jpg 300w\" sizes=\"(max-width: 450px) 100vw, 450px\" \/><br \/>\nSusan Clayre e Dado Villa Lobos, do Legi\u00e3o Urbana<\/em><\/strong><\/p>\n","protected":false},"excerpt":{"rendered":"<p>Muita anima\u00e7\u00e3o Churrasco e moda de viola de auto n\u00edvel com Cleyton e Romario diretamente de BH. Os membros da Igreja Adventista de Newark receberam o grupo musical Art Trio, e realizaram um animado picnic no Liberty Park.<\/p>\n","protected":false},"author":1,"featured_media":24225,"comment_status":"open","ping_status":"open","sticky":false,"template":"","format":"standard","meta":{"_links_to":"","_links_to_target":""},"categories":[4,1,6],"tags":[],"views":2550,"_links":{"self":[{"href":"https:\/\/www.brazilianpress.com\/v1\/wp-json\/wp\/v2\/posts\/24231"}],"collection":[{"href":"https:\/\/www.brazilianpress.com\/v1\/wp-json\/wp\/v2\/posts"}],"about":[{"href":"https:\/\/www.brazilianpress.com\/v1\/wp-json\/wp\/v2\/types\/post"}],"author":[{"embeddable":true,"href":"https:\/\/www.brazilianpress.com\/v1\/wp-json\/wp\/v2\/users\/1"}],"replies":[{"embeddable":true,"href":"https:\/\/www.brazilianpress.com\/v1\/wp-json\/wp\/v2\/comments?post=24231"}],"version-history":[{"count":1,"href":"https:\/\/www.brazilianpress.com\/v1\/wp-json\/wp\/v2\/posts\/24231\/revisions"}],"predecessor-version":[{"id":24232,"href":"https:\/\/www.brazilianpress.com\/v1\/wp-json\/wp\/v2\/posts\/24231\/revisions\/24232"}],"wp:featuredmedia":[{"embeddable":true,"href":"https:\/\/www.brazilianpress.com\/v1\/wp-json\/wp\/v2\/media\/24225"}],"wp:attachment":[{"href":"https:\/\/www.brazilianpress.com\/v1\/wp-json\/wp\/v2\/media?parent=24231"}],"wp:term":[{"taxonomy":"category","embeddable":true,"href":"https:\/\/www.brazilianpress.com\/v1\/wp-json\/wp\/v2\/categories?post=24231"},{"taxonomy":"post_tag","embeddable":true,"href":"https:\/\/www.brazilianpress.com\/v1\/wp-json\/wp\/v2\/tags?post=24231"}],"curies":[{"name":"wp","href":"https:\/\/api.w.org\/{rel}","templated":true}]}}