{"id":24248,"date":"2016-08-25T14:24:45","date_gmt":"2016-08-25T18:24:45","guid":{"rendered":"http:\/\/www.brazilianpress.com\/v1\/?p=24248"},"modified":"2016-08-25T14:24:45","modified_gmt":"2016-08-25T18:24:45","slug":"forca-em-casa-e-um-dos-motivos-do-sucesso-de-marcelo-na-copa-do-brasil","status":"publish","type":"post","link":"https:\/\/www.brazilianpress.com\/v1\/2016\/08\/25\/forca-em-casa-e-um-dos-motivos-do-sucesso-de-marcelo-na-copa-do-brasil\/","title":{"rendered":"For\u00e7a em casa \u00e9 um dos motivos do sucesso de Marcelo na Copa do Brasil"},"content":{"rendered":"<p><img loading=\"lazy\" class=\"alignnone size-full wp-image-24249\" src=\"http:\/\/www.brazilianpress.com\/v1\/wp-content\/uploads\/2016\/08\/marcelo-atletico-mg.jpg\" alt=\"_marcelo atletico mg\" width=\"500\" height=\"283\" srcset=\"https:\/\/www.brazilianpress.com\/v1\/wp-content\/uploads\/2016\/08\/marcelo-atletico-mg.jpg 500w, https:\/\/www.brazilianpress.com\/v1\/wp-content\/uploads\/2016\/08\/marcelo-atletico-mg-300x170.jpg 300w\" sizes=\"(max-width: 500px) 100vw, 500px\" \/><\/p>\n<p>Nesta quarta-feira o Atl\u00e9tico-MG inicia a caminhada em mais uma Copa do Brasil. Ao lado do Vit\u00f3ria, a equipe mineira \u00e9 que mais disputou o torneio nacional. Em 2016 o time alvinegro vai participar pela 26\u00aa vez em 27 edi\u00e7\u00f5es da competi\u00e7\u00e3o. Campe\u00e3o em 2014, o Atl\u00e9tico tem no banco de reservas um t\u00e9cnico que sabe muito bem como jogar a Copa do Brasil.<!--more--><\/p>\n<p>Atual campe\u00e3o, com o Palmeiras, Marcelo Oliveira esteve presente em quatro das \u00faltimas cinco finais. Embora tenha conquistado apenas o t\u00edtulo do ano passado, nenhum outro treinador tem uma sequ\u00eancia t\u00e3o grande de finais como tem o comandante atleticano. Luiz Felipe Scolari disputou cinco decis\u00f5es e venceu quatro vezes, mas com uma diferen\u00e7a de 21 anos entre a primeira (1991) e a \u00faltima (2012).<\/p>\n<p>O advers\u00e1rio do Atl\u00e9tico nas oitavas de final \u00e9 a Ponte Preta. Confronto in\u00e9dito se tratando de Copa do Brasil. O primeiro jogo est\u00e1 marcado para o Mineir\u00e3o, nesta quarta-feira, \u00e0s 21h45. O que \u00e9 um grande trunfo na hist\u00f3ria recente de Marcelo Oliveira na competi\u00e7\u00e3o. Entre 2011 e 2015, Marcelo Oliveira disputou 48 partidas pela Copa do Brasil, sendo 23 como mandante, com apenas uma derrota.<\/p>\n<p>Curiosamente, o \u00fanico rev\u00e9s como local para o Atl\u00e9tico, na decis\u00e3o de 2014. Ent\u00e3o treinador do Cruzeiro, Marcelo Oliveira estava na terceira decis\u00e3o em quatro anos e ficou sem o t\u00edtulo novamente, assim como em 2011 e 2012, quando treinava o Coritiba e perdeu as decis\u00f5es para Vasco e Palmeiras, respectivamente.<\/p>\n<p>Em 2014, na primeira decis\u00e3o nacional do futebol mineiro, o Cruzeiro de Marcelo Oliveira precisava reverter a vantagem do rival, que venceu por 2 a 0 na partida de ida, realizada no Est\u00e1dio Independ\u00eancia. No Mineir\u00e3o, com maioria de torcedores cruzeirenses, o Atl\u00e9tico venceu mais uma vez, por 1 a 0, com gol de Diego Tardelli. Partida que valeu o primeiro t\u00edtulo do clube alvinegro no torneio e marcou a \u00fanica derrota de Marcelo como mandante em cinco edi\u00e7\u00f5es da Copa do Brasil.<\/p>\n<p>Embora esteja na vice-lideran\u00e7a do Campeonato Brasileiro, a Copa do Brasil n\u00e3o vai ser colocada de lado pelo Atl\u00e9tico. O desejo do treinador \u00e9 fazer mais uma grande campanha no torneio que se tornou especialista. Levar o Atl\u00e9tico longe na Copa do Brasil \u00e9 uma das metas de Marcelo Oliveira. Por isso, o t\u00e9cnico vai avaliar a situa\u00e7\u00e3o do elenco ap\u00f3s o jogo com o Atl\u00e9tico-PR para escalar o que tem de melhor.<\/p>\n<p>&#8220;Sem d\u00favidas, \u00e9 um exerc\u00edcio quase que di\u00e1rio do departamento t\u00e9cnico, f\u00edsico e fisiol\u00f3gico. Ontem mesmo, eu tive que mudar o treinamento em fun\u00e7\u00e3o de uma orienta\u00e7\u00e3o do departamento fisiol\u00f3gico. Nesse per\u00edodo de jogos intensos, a gente tem que estar com orienta\u00e7\u00e3o e recomenda\u00e7\u00f5es. E precisamos usar as melhores op\u00e7\u00f5es para os jogos&#8221;, afirmou.<\/p>\n","protected":false},"excerpt":{"rendered":"<p>Nesta quarta-feira o Atl\u00e9tico-MG inicia a caminhada em mais uma Copa do Brasil. Ao lado do Vit\u00f3ria, a equipe mineira \u00e9 que mais disputou o torneio nacional. Em 2016 o time alvinegro vai participar pela 26\u00aa vez em 27 edi\u00e7\u00f5es da competi\u00e7\u00e3o. Campe\u00e3o em 2014, o Atl\u00e9tico tem no banco de reservas um t\u00e9cnico que sabe muito bem como jogar a Copa do Brasil.<\/p>\n","protected":false},"author":1,"featured_media":24249,"comment_status":"open","ping_status":"open","sticky":false,"template":"","format":"standard","meta":{"_links_to":"","_links_to_target":""},"categories":[9,1],"tags":[],"views":2378,"_links":{"self":[{"href":"https:\/\/www.brazilianpress.com\/v1\/wp-json\/wp\/v2\/posts\/24248"}],"collection":[{"href":"https:\/\/www.brazilianpress.com\/v1\/wp-json\/wp\/v2\/posts"}],"about":[{"href":"https:\/\/www.brazilianpress.com\/v1\/wp-json\/wp\/v2\/types\/post"}],"author":[{"embeddable":true,"href":"https:\/\/www.brazilianpress.com\/v1\/wp-json\/wp\/v2\/users\/1"}],"replies":[{"embeddable":true,"href":"https:\/\/www.brazilianpress.com\/v1\/wp-json\/wp\/v2\/comments?post=24248"}],"version-history":[{"count":1,"href":"https:\/\/www.brazilianpress.com\/v1\/wp-json\/wp\/v2\/posts\/24248\/revisions"}],"predecessor-version":[{"id":24250,"href":"https:\/\/www.brazilianpress.com\/v1\/wp-json\/wp\/v2\/posts\/24248\/revisions\/24250"}],"wp:featuredmedia":[{"embeddable":true,"href":"https:\/\/www.brazilianpress.com\/v1\/wp-json\/wp\/v2\/media\/24249"}],"wp:attachment":[{"href":"https:\/\/www.brazilianpress.com\/v1\/wp-json\/wp\/v2\/media?parent=24248"}],"wp:term":[{"taxonomy":"category","embeddable":true,"href":"https:\/\/www.brazilianpress.com\/v1\/wp-json\/wp\/v2\/categories?post=24248"},{"taxonomy":"post_tag","embeddable":true,"href":"https:\/\/www.brazilianpress.com\/v1\/wp-json\/wp\/v2\/tags?post=24248"}],"curies":[{"name":"wp","href":"https:\/\/api.w.org\/{rel}","templated":true}]}}