{"id":24254,"date":"2016-08-25T14:29:23","date_gmt":"2016-08-25T18:29:23","guid":{"rendered":"http:\/\/www.brazilianpress.com\/v1\/?p=24254"},"modified":"2016-08-25T14:29:23","modified_gmt":"2016-08-25T18:29:23","slug":"tite-convoca-selecao-pela-1a-vez-com-7-campeoes-olimpicos-e-3-novidades","status":"publish","type":"post","link":"https:\/\/www.brazilianpress.com\/v1\/2016\/08\/25\/tite-convoca-selecao-pela-1a-vez-com-7-campeoes-olimpicos-e-3-novidades\/","title":{"rendered":"Tite convoca sele\u00e7\u00e3o pela 1\u00aa vez com 7 campe\u00f5es ol\u00edmpicos e 3 novidades"},"content":{"rendered":"<p><img loading=\"lazy\" class=\"alignnone size-full wp-image-24255\" src=\"http:\/\/www.brazilianpress.com\/v1\/wp-content\/uploads\/2016\/08\/tite-selecao-brasileira.jpg\" alt=\"_tite selecao brasileira\" width=\"500\" height=\"261\" srcset=\"https:\/\/www.brazilianpress.com\/v1\/wp-content\/uploads\/2016\/08\/tite-selecao-brasileira.jpg 500w, https:\/\/www.brazilianpress.com\/v1\/wp-content\/uploads\/2016\/08\/tite-selecao-brasileira-300x157.jpg 300w\" sizes=\"(max-width: 500px) 100vw, 500px\" \/><\/p>\n<p>Dois meses ap\u00f3s a sua apresenta\u00e7\u00e3o, o t\u00e9cnico Tite divulgou a sua primeira convoca\u00e7\u00e3o da sele\u00e7\u00e3o brasileira nesta segunda-feira (22) com novidades. O lateral Fagner (Corinthians), o atacante\u00a0Taison\u00a0(Shakhtar, da Ucr\u00e2nia) e o meio-campista Rafael\u00a0Carioca (Atl\u00e9tico-MG), al\u00e9m dos retornos do lateral Marcelo (Real Madrid) e do meio-campista Paulinho (Guangzhou\u00a0Evergrande, da China), foram as principais surpresas da lista para os dois pr\u00f3ximos jogos do Brasil nas Eliminat\u00f3rias da Am\u00e9rica do Sul.<!--more--><\/p>\n<p>Tite far\u00e1 sua estreia pela sele\u00e7\u00e3o brasileira no dia 1\u00ba de setembro contra o Equador, em Quito. A primeira partida do treinador em casa ser\u00e1 no dia 6 de setembro, diante da Col\u00f4mbia, em Manaus.<\/p>\n<p>Na rela\u00e7\u00e3o h\u00e1 ainda sete campe\u00f5es ol\u00edmpicos sob comando do Rog\u00e9rio Micale na Rio-2016: o goleiro Weverton, os zagueiros Rodrigo Caio e Marquinhos, o meio-campista Renato Augusto e os atacantes Gabriel Jesus, Gabigol e Neymar.<\/p>\n<p>&#8220;O Rafael Carioca est\u00e1 em grande fase desde o ano passado. \u00c9 merecedor desde o ano passado. O Fagner fez um grande campeonato e vem fazendo esse ano de novo&#8221;, disse em entrevista.<\/p>\n<p>No total, oito convocados atuam no Brasil. O t\u00e9cnico afirmou que eles\u00a0levaram vantagem neste momento pelo fato de estarem em atividade. Na Europa, as competi\u00e7\u00f5es come\u00e7aram recentemente.<\/p>\n<p>O Brasil entrar\u00e1 em campo pressionado por uma posi\u00e7\u00e3o inc\u00f4moda nas Eliminat\u00f3rias. Com nove pontos, o pa\u00eds \u00e9 o sexto colocado, fora da zona de classifica\u00e7\u00e3o para a Copa do Mundo da R\u00fassia de 2018 (avan\u00e7am os quatro primeiros e o quinto disputar\u00e1 a repescagem).<\/p>\n<p>A situa\u00e7\u00e3o, inclusive, fez Tite destacar que o\u00a0momento \u00e9 de priorizar a classifica\u00e7\u00e3o para a Copa do Mundo, e n\u00e3o de reformular o elenco. &#8220;Tem jogadores fora em fun\u00e7\u00e3o de problema cl\u00ednico [n\u00e3o citou quais]. Eu n\u00e3o vou ficar lamentando situa\u00e7\u00f5es. Essa convoca\u00e7\u00e3o \u00e9 para esses dois jogos, \u00e9 preciso ser justo neste momento. N\u00e3o estamos nos classificando para a Copa (no momento)&#8221;, disse. Sem citar, um deles \u00e9 o zagueiro Thiago Silva, do PSG, da Fran\u00e7a.<\/p>\n","protected":false},"excerpt":{"rendered":"<p>Dois meses ap\u00f3s a sua apresenta\u00e7\u00e3o, o t\u00e9cnico Tite divulgou a sua primeira convoca\u00e7\u00e3o da sele\u00e7\u00e3o brasileira nesta segunda-feira (22) com novidades. O lateral Fagner (Corinthians), o atacante\u00a0Taison\u00a0(Shakhtar, da Ucr\u00e2nia) e o meio-campista Rafael\u00a0Carioca (Atl\u00e9tico-MG), al\u00e9m dos retornos do lateral Marcelo (Real Madrid) e do meio-campista Paulinho (Guangzhou\u00a0Evergrande, da China), foram as principais surpresas da lista para os dois pr\u00f3ximos jogos do Brasil nas Eliminat\u00f3rias da Am\u00e9rica do Sul.<\/p>\n","protected":false},"author":1,"featured_media":24255,"comment_status":"open","ping_status":"open","sticky":false,"template":"","format":"standard","meta":{"_links_to":"","_links_to_target":""},"categories":[9,1],"tags":[],"views":1724,"_links":{"self":[{"href":"https:\/\/www.brazilianpress.com\/v1\/wp-json\/wp\/v2\/posts\/24254"}],"collection":[{"href":"https:\/\/www.brazilianpress.com\/v1\/wp-json\/wp\/v2\/posts"}],"about":[{"href":"https:\/\/www.brazilianpress.com\/v1\/wp-json\/wp\/v2\/types\/post"}],"author":[{"embeddable":true,"href":"https:\/\/www.brazilianpress.com\/v1\/wp-json\/wp\/v2\/users\/1"}],"replies":[{"embeddable":true,"href":"https:\/\/www.brazilianpress.com\/v1\/wp-json\/wp\/v2\/comments?post=24254"}],"version-history":[{"count":1,"href":"https:\/\/www.brazilianpress.com\/v1\/wp-json\/wp\/v2\/posts\/24254\/revisions"}],"predecessor-version":[{"id":24256,"href":"https:\/\/www.brazilianpress.com\/v1\/wp-json\/wp\/v2\/posts\/24254\/revisions\/24256"}],"wp:featuredmedia":[{"embeddable":true,"href":"https:\/\/www.brazilianpress.com\/v1\/wp-json\/wp\/v2\/media\/24255"}],"wp:attachment":[{"href":"https:\/\/www.brazilianpress.com\/v1\/wp-json\/wp\/v2\/media?parent=24254"}],"wp:term":[{"taxonomy":"category","embeddable":true,"href":"https:\/\/www.brazilianpress.com\/v1\/wp-json\/wp\/v2\/categories?post=24254"},{"taxonomy":"post_tag","embeddable":true,"href":"https:\/\/www.brazilianpress.com\/v1\/wp-json\/wp\/v2\/tags?post=24254"}],"curies":[{"name":"wp","href":"https:\/\/api.w.org\/{rel}","templated":true}]}}