{"id":24257,"date":"2016-08-25T14:37:20","date_gmt":"2016-08-25T18:37:20","guid":{"rendered":"http:\/\/www.brazilianpress.com\/v1\/?p=24257"},"modified":"2016-08-25T14:37:20","modified_gmt":"2016-08-25T18:37:20","slug":"ela-foi-rejeitada-pelo-starbucks-hoje-tem-500-cafeterias","status":"publish","type":"post","link":"https:\/\/www.brazilianpress.com\/v1\/2016\/08\/25\/ela-foi-rejeitada-pelo-starbucks-hoje-tem-500-cafeterias\/","title":{"rendered":"Ela foi rejeitada pelo Starbucks. Hoje, tem 500 cafeterias"},"content":{"rendered":"<p><img loading=\"lazy\" class=\"alignnone size-full wp-image-24258\" src=\"http:\/\/www.brazilianpress.com\/v1\/wp-content\/uploads\/2016\/08\/ela-foi-rejeitada.jpg\" alt=\"ela foi rejeitada\" width=\"500\" height=\"281\" srcset=\"https:\/\/www.brazilianpress.com\/v1\/wp-content\/uploads\/2016\/08\/ela-foi-rejeitada.jpg 500w, https:\/\/www.brazilianpress.com\/v1\/wp-content\/uploads\/2016\/08\/ela-foi-rejeitada-300x169.jpg 300w\" sizes=\"(max-width: 500px) 100vw, 500px\" \/><\/p>\n<p>H\u00e1 tr\u00eas anos, a sueca Maria de la Croix procurava um emprego. Por isso, bateu na porta de uma das lojas da marca Starbucks, concorrendo para uma posi\u00e7\u00e3o de barista na cidade de Estocolmo. Por\u00e9m, diz a empreendedora, foi rejeitada por ter um cabelo \u201cmuito azul\u201d.<!--more--><\/p>\n<p>A hist\u00f3ria poderia ter acabado aqui. Ela poderia ter procurado outro emprego, ou ent\u00e3o mudado a cor do cabelo e tentado, novamente, ser barista na grande rede de cafeterias. Por\u00e9m, de la Croix teve outra ideia: montar sua pr\u00f3pria\u00a0cafeteria, que seria do jeito que ela imaginava &#8211; artesanal, barata, sustent\u00e1vel e tecnol\u00f3gica.<\/p>\n<p>A empreendedora desenvolveu, em 2014, uma cafeteria adaptada para operar em bicicletas (como as \u201cfood bikes\u201d, que j\u00e1 vemos pelo Brasil), e resolveu estacionar seu empreendimento justo na frente do Starbucks que a havia rejeitado.\u00a0Como tinha uma licen\u00e7a para operar no local, o Starbucks n\u00e3o poderia fazer nenhuma reclama\u00e7\u00e3o.<\/p>\n<p>Sua decis\u00e3o por empreender foi acertada: hoje, a rede de franquias Wheely\u2019s j\u00e1 vendeu mais de 500 cafeterias m\u00f3veis para mais de 60 pa\u00edses.<\/p>\n<p><strong>Inspira\u00e7\u00e3o<\/strong><\/p>\n<p>Hoje com 27 anos de idade, de la Croix conta que se inspirou em\u00a0startups como Airbnb e Uber para montar seu pr\u00f3prio neg\u00f3cio. Ela tomou para si a ideia de\u00a0ter um empreendimento que provocasse disrup\u00e7\u00e3o em um setor tradicional\u00a0\u2013 como cafeterias.<\/p>\n<p>De acordo com a Wheely\u2019s, o custo total para abrir e gerenciar um caf\u00e9 de uma grande rede pode chegar a meio milh\u00e3o de d\u00f3lares, contando aluguel, equipamentos e eletricidade.<\/p>\n<p>Pensando em jovens que nunca teriam dinheiro para tanto, como ela pr\u00f3pria, de la Croix criou uma cafeteria m\u00f3vel que custa 7 mil d\u00f3lares, em seu modelo mais novo. Os modelos mais antigos custam menos.<\/p>\n<p>H\u00e1 uma s\u00e9rie de itens que reduzem o custo em compara\u00e7\u00e3o com uma loja tradicional: o principal deles \u00e9 o neg\u00f3cio operar por meio de uma bicicleta, o que p\u00f5e fim ao aluguel. Tamb\u00e9m h\u00e1 pain\u00e9is solares e um pequeno moinho de vento instalados no carrinho, o que acaba com a conta de eletricidade.<\/p>\n<p>Por fim, vemos uma tela de LCD, suporte para fornecer wi-fi gr\u00e1tis, pedais el\u00e9tricos para ajudar a subir ladeiras \u00edngremes, um purificador de ar e um lixo para reciclar os res\u00edduos de caf\u00e9, que na Wheely\u2019s \u00e9 sempre 100% org\u00e2nico (veja nas fotos acima um desenho com tudo que o carrinho possui instalado).<\/p>\n<p>Esses res\u00edduos podem ser misturados com um pequeno cubo vendido pela Wheely\u2019s, que cont\u00e9m nutrientes e sementes de flores. A ideia \u00e9 que, no caminho para o trabalho, o franqueado possa colocar tais cubinhos na terra, e que mais flores povoem a regi\u00e3o por onde ele se desloca.<\/p>\n<p>De tempos em tempos, o carrinho \u00e9 aprimorado.<\/p>\n","protected":false},"excerpt":{"rendered":"<p>H\u00e1 tr\u00eas anos, a sueca Maria de la Croix procurava um emprego. Por isso, bateu na porta de uma das lojas da marca Starbucks, concorrendo para uma posi\u00e7\u00e3o de barista na cidade de Estocolmo. Por\u00e9m, diz a empreendedora, foi rejeitada por ter um cabelo \u201cmuito azul\u201d.<\/p>\n","protected":false},"author":1,"featured_media":24258,"comment_status":"open","ping_status":"open","sticky":false,"template":"","format":"standard","meta":{"_links_to":"","_links_to_target":""},"categories":[8,1],"tags":[],"views":2632,"_links":{"self":[{"href":"https:\/\/www.brazilianpress.com\/v1\/wp-json\/wp\/v2\/posts\/24257"}],"collection":[{"href":"https:\/\/www.brazilianpress.com\/v1\/wp-json\/wp\/v2\/posts"}],"about":[{"href":"https:\/\/www.brazilianpress.com\/v1\/wp-json\/wp\/v2\/types\/post"}],"author":[{"embeddable":true,"href":"https:\/\/www.brazilianpress.com\/v1\/wp-json\/wp\/v2\/users\/1"}],"replies":[{"embeddable":true,"href":"https:\/\/www.brazilianpress.com\/v1\/wp-json\/wp\/v2\/comments?post=24257"}],"version-history":[{"count":1,"href":"https:\/\/www.brazilianpress.com\/v1\/wp-json\/wp\/v2\/posts\/24257\/revisions"}],"predecessor-version":[{"id":24259,"href":"https:\/\/www.brazilianpress.com\/v1\/wp-json\/wp\/v2\/posts\/24257\/revisions\/24259"}],"wp:featuredmedia":[{"embeddable":true,"href":"https:\/\/www.brazilianpress.com\/v1\/wp-json\/wp\/v2\/media\/24258"}],"wp:attachment":[{"href":"https:\/\/www.brazilianpress.com\/v1\/wp-json\/wp\/v2\/media?parent=24257"}],"wp:term":[{"taxonomy":"category","embeddable":true,"href":"https:\/\/www.brazilianpress.com\/v1\/wp-json\/wp\/v2\/categories?post=24257"},{"taxonomy":"post_tag","embeddable":true,"href":"https:\/\/www.brazilianpress.com\/v1\/wp-json\/wp\/v2\/tags?post=24257"}],"curies":[{"name":"wp","href":"https:\/\/api.w.org\/{rel}","templated":true}]}}