{"id":24263,"date":"2016-08-25T14:40:57","date_gmt":"2016-08-25T18:40:57","guid":{"rendered":"http:\/\/www.brazilianpress.com\/v1\/?p=24263"},"modified":"2016-08-25T14:40:57","modified_gmt":"2016-08-25T18:40:57","slug":"numero-de-mortos-em-terremoto-na-italia-sobe-para-73","status":"publish","type":"post","link":"https:\/\/www.brazilianpress.com\/v1\/2016\/08\/25\/numero-de-mortos-em-terremoto-na-italia-sobe-para-73\/","title":{"rendered":"N\u00famero de mortos em terremoto na It\u00e1lia sobe para 73"},"content":{"rendered":"<p><img loading=\"lazy\" class=\"alignnone size-full wp-image-24264\" src=\"http:\/\/www.brazilianpress.com\/v1\/wp-content\/uploads\/2016\/08\/terremoto-italia.jpg\" alt=\"terremoto italia\" width=\"500\" height=\"334\" srcset=\"https:\/\/www.brazilianpress.com\/v1\/wp-content\/uploads\/2016\/08\/terremoto-italia.jpg 500w, https:\/\/www.brazilianpress.com\/v1\/wp-content\/uploads\/2016\/08\/terremoto-italia-300x200.jpg 300w\" sizes=\"(max-width: 500px) 100vw, 500px\" \/><\/p>\n<p>Subiu para 73 o n\u00famero de mortos no terremoto de hoje (24) na It\u00e1lia. Desse total, 53 s\u00e3o da regi\u00e3o do Lazio, e 20 no munic\u00edpio de Arquata Del Tronto, em Marcas. As informa\u00e7\u00f5es s\u00e3o da Ag\u00eancia Ansa.<\/p>\n<p>O tremor teve seu epicentro, de 6 graus na Escala Richter, a 2 quil\u00f4metros de Accumoli, que fica a apenas 60 km da cidade de \u00c1quila, capital da prov\u00edncia hom\u00f4nima.<!--more--><\/p>\n<p>&#8220;Aqui n\u00e3o tem mais nada&#8221;<\/p>\n<p>&#8220;Aqui n\u00e3o tem mais nada. S\u00f3 escombros. \u00c9 verdadeiramente impressionante, parece um bombardeio&#8221;, declarou a presidente da C\u00e2mara dos Deputados da It\u00e1lia, Laura Boldrini, ao visitar Pescara Del Tronto, distrito de Arquata Del Tronto, uma das cidades mais atingidas pelo tremor desta quarta-feira (24).<\/p>\n<p>Boldrini \u00e9 natural da regi\u00e3o de Marcas, onde fica o munic\u00edpio.\u00a0\u00a0&#8220;Agora \u00e9 preciso pensar em quem est\u00e1 debaixo [dos escombros]&#8221;, acrescentou.<\/p>\n","protected":false},"excerpt":{"rendered":"<p>Subiu para 73 o n\u00famero de mortos no terremoto de hoje (24) na It\u00e1lia. Desse total, 53 s\u00e3o da regi\u00e3o do Lazio, e 20 no munic\u00edpio de Arquata Del Tronto, em Marcas. As informa\u00e7\u00f5es s\u00e3o da Ag\u00eancia Ansa. O tremor teve seu epicentro, de 6 graus na Escala Richter, a 2 quil\u00f4metros de Accumoli, que fica a apenas 60 km da cidade de \u00c1quila, capital da prov\u00edncia hom\u00f4nima.<\/p>\n","protected":false},"author":1,"featured_media":24264,"comment_status":"open","ping_status":"open","sticky":false,"template":"","format":"standard","meta":{"_links_to":"","_links_to_target":""},"categories":[8,1],"tags":[],"views":1808,"_links":{"self":[{"href":"https:\/\/www.brazilianpress.com\/v1\/wp-json\/wp\/v2\/posts\/24263"}],"collection":[{"href":"https:\/\/www.brazilianpress.com\/v1\/wp-json\/wp\/v2\/posts"}],"about":[{"href":"https:\/\/www.brazilianpress.com\/v1\/wp-json\/wp\/v2\/types\/post"}],"author":[{"embeddable":true,"href":"https:\/\/www.brazilianpress.com\/v1\/wp-json\/wp\/v2\/users\/1"}],"replies":[{"embeddable":true,"href":"https:\/\/www.brazilianpress.com\/v1\/wp-json\/wp\/v2\/comments?post=24263"}],"version-history":[{"count":1,"href":"https:\/\/www.brazilianpress.com\/v1\/wp-json\/wp\/v2\/posts\/24263\/revisions"}],"predecessor-version":[{"id":24265,"href":"https:\/\/www.brazilianpress.com\/v1\/wp-json\/wp\/v2\/posts\/24263\/revisions\/24265"}],"wp:featuredmedia":[{"embeddable":true,"href":"https:\/\/www.brazilianpress.com\/v1\/wp-json\/wp\/v2\/media\/24264"}],"wp:attachment":[{"href":"https:\/\/www.brazilianpress.com\/v1\/wp-json\/wp\/v2\/media?parent=24263"}],"wp:term":[{"taxonomy":"category","embeddable":true,"href":"https:\/\/www.brazilianpress.com\/v1\/wp-json\/wp\/v2\/categories?post=24263"},{"taxonomy":"post_tag","embeddable":true,"href":"https:\/\/www.brazilianpress.com\/v1\/wp-json\/wp\/v2\/tags?post=24263"}],"curies":[{"name":"wp","href":"https:\/\/api.w.org\/{rel}","templated":true}]}}