{"id":24276,"date":"2016-08-25T15:10:27","date_gmt":"2016-08-25T19:10:27","guid":{"rendered":"http:\/\/www.brazilianpress.com\/v1\/?p=24276"},"modified":"2016-09-01T09:31:19","modified_gmt":"2016-09-01T13:31:19","slug":"reaberto-centro-comercial-do-world-trade-center","status":"publish","type":"post","link":"https:\/\/www.brazilianpress.com\/v1\/2016\/08\/25\/reaberto-centro-comercial-do-world-trade-center\/","title":{"rendered":"Reaberto centro comercial do World Trade Center"},"content":{"rendered":"<p><img loading=\"lazy\" class=\"alignnone size-full wp-image-24277\" src=\"http:\/\/www.brazilianpress.com\/v1\/wp-content\/uploads\/2016\/08\/world-trade-center.jpg\" alt=\"world trade center\" width=\"500\" height=\"320\" srcset=\"https:\/\/www.brazilianpress.com\/v1\/wp-content\/uploads\/2016\/08\/world-trade-center.jpg 500w, https:\/\/www.brazilianpress.com\/v1\/wp-content\/uploads\/2016\/08\/world-trade-center-300x192.jpg 300w\" sizes=\"(max-width: 500px) 100vw, 500px\" \/><\/p>\n<p>A reabertura do centro comercial do World Trade Center em New York ajudar\u00e1 a transformar as vendas em Manhattan e servir\u00e1 de mostra dos progressos realizados na reconstru\u00e7\u00e3o e revitaliza\u00e7\u00e3o da \u00e1rea desde os ataques de 11 de setembro de 2001.<!--more--><\/p>\n<p>Lojas como Apple, Forever 21, H&amp;M e John Varvatos ter\u00e3o um grupo diversificado de vizinhos e trabalhadores da regi\u00e3o dos banqueiros de Wall Street e agentes de publicidade e meios de comunica\u00e7\u00e3o.<\/p>\n<p>Atender\u00e3o tamb\u00e9m os turistas que visitam o Monumento e o Museu Nacional 11 de Setembro.<\/p>\n<p>Nos novos espa\u00e7os, os clientes poder\u00e3o experimentar tecnologia de ponta.<\/p>\n<p>Ford inaugurar\u00e1 em breve seu primeiro FordHub, uma exposi\u00e7\u00e3o com inova\u00e7\u00f5es que n\u00e3o ser\u00e1 uma concession\u00e1ria de autom\u00f3veis. Haver\u00e1 placas digitais, entre elas uma de 85 metros de comprimento.<\/p>\n<p>&#8220;Estamos convencidos de que este ser\u00e1 o centro comercial e cultural do sul de Manhattan&#8221;, disse Bill Hecht, gerente de opera\u00e7\u00f5es da divis\u00e3o americana de Westfield Corp.<\/p>\n<p>Isto ficar\u00e1 \u00e0 cargo das empresas de varejo, por\u00e9m a Autoridade Portu\u00e1ria de New York e New Jersey \u00e9 propriet\u00e1ria dos im\u00f3veis.<\/p>\n<p>Hecht disse que o lugar \u00e9 um &#8220;s\u00edmbolo de esperan\u00e7a, oportunidade, progresso e perseveran\u00e7a&#8221;.<\/p>\n<p>O centro comercial de quase 34.000 metros quadrados ter\u00e1 cem lojas, 60 das quais abriram na ter\u00e7a-feira e as demais antes da temporada das festas de fim de ano.<\/p>\n<p>Ocupa uma rede subterr\u00e2nea que abarca os subsolos de tr\u00eas torres de escrit\u00f3rios.<\/p>\n<p>Ainda que a maior parte est\u00e1 abaixo do n\u00edvel da rua, a luz natural entra por janelas, um centro de transporte desenhado por Santiago Calatrava pelo qual passam 13 linhas de metr\u00f4 e transportadores que cruzam o rio. Por l\u00e1 passam 300.000 passageiros diariamente.<\/p>\n","protected":false},"excerpt":{"rendered":"<p>A reabertura do centro comercial do World Trade Center em New York ajudar\u00e1 a transformar as vendas em Manhattan e servir\u00e1 de mostra dos progressos realizados na reconstru\u00e7\u00e3o e revitaliza\u00e7\u00e3o da \u00e1rea desde os ataques de 11 de setembro de 2001.<\/p>\n","protected":false},"author":1,"featured_media":24277,"comment_status":"open","ping_status":"open","sticky":false,"template":"","format":"standard","meta":{"_links_to":"","_links_to_target":""},"categories":[1,10],"tags":[],"views":1738,"_links":{"self":[{"href":"https:\/\/www.brazilianpress.com\/v1\/wp-json\/wp\/v2\/posts\/24276"}],"collection":[{"href":"https:\/\/www.brazilianpress.com\/v1\/wp-json\/wp\/v2\/posts"}],"about":[{"href":"https:\/\/www.brazilianpress.com\/v1\/wp-json\/wp\/v2\/types\/post"}],"author":[{"embeddable":true,"href":"https:\/\/www.brazilianpress.com\/v1\/wp-json\/wp\/v2\/users\/1"}],"replies":[{"embeddable":true,"href":"https:\/\/www.brazilianpress.com\/v1\/wp-json\/wp\/v2\/comments?post=24276"}],"version-history":[{"count":1,"href":"https:\/\/www.brazilianpress.com\/v1\/wp-json\/wp\/v2\/posts\/24276\/revisions"}],"predecessor-version":[{"id":24278,"href":"https:\/\/www.brazilianpress.com\/v1\/wp-json\/wp\/v2\/posts\/24276\/revisions\/24278"}],"wp:featuredmedia":[{"embeddable":true,"href":"https:\/\/www.brazilianpress.com\/v1\/wp-json\/wp\/v2\/media\/24277"}],"wp:attachment":[{"href":"https:\/\/www.brazilianpress.com\/v1\/wp-json\/wp\/v2\/media?parent=24276"}],"wp:term":[{"taxonomy":"category","embeddable":true,"href":"https:\/\/www.brazilianpress.com\/v1\/wp-json\/wp\/v2\/categories?post=24276"},{"taxonomy":"post_tag","embeddable":true,"href":"https:\/\/www.brazilianpress.com\/v1\/wp-json\/wp\/v2\/tags?post=24276"}],"curies":[{"name":"wp","href":"https:\/\/api.w.org\/{rel}","templated":true}]}}