{"id":2472,"date":"2013-08-22T08:48:24","date_gmt":"2013-08-22T12:48:24","guid":{"rendered":"http:\/\/www.brazilianpress.com\/v1\/?p=2472"},"modified":"2013-08-22T09:19:32","modified_gmt":"2013-08-22T13:19:32","slug":"agenda-cultural-by-roger-costa-22082013","status":"publish","type":"post","link":"https:\/\/www.brazilianpress.com\/v1\/2013\/08\/22\/agenda-cultural-by-roger-costa-22082013\/","title":{"rendered":"Agenda Cultural By Roger Costa . 22\/08\/2013"},"content":{"rendered":"<p><b><i>*MoMA (11 W 53<sup>rd<\/sup> Street)-<\/i><\/b> O cultuado filme argentino \u201cThe Student\u201d(foto), aclamado em v\u00e1rios festivais ao redor do pa\u00eds, marca sua estreia norte-americana de 22 a 28 de agosto, exclusivamente no Museu.<\/p>\n<p><img loading=\"lazy\" class=\"alignnone size-full wp-image-2473\" alt=\"agenda cultural 1641 20130822 (1)\" src=\"http:\/\/www.brazilianpress.com\/v1\/wp-content\/uploads\/2013\/08\/agenda-cultural-1641-20130822-1.jpg\" width=\"500\" height=\"281\" srcset=\"https:\/\/www.brazilianpress.com\/v1\/wp-content\/uploads\/2013\/08\/agenda-cultural-1641-20130822-1.jpg 500w, https:\/\/www.brazilianpress.com\/v1\/wp-content\/uploads\/2013\/08\/agenda-cultural-1641-20130822-1-300x168.jpg 300w\" sizes=\"(max-width: 500px) 100vw, 500px\" \/><\/p>\n<p>O diretor Santiago Mitre, que j\u00e1 colaborou com Walter Salles, estar\u00e1 presente hoje \u00e0s 7h00pm, para introduzir o filme, que aborda as transforma\u00e7\u00f5es pol\u00edticas e sociais de um jovem envolvido em movimentos estudantis, organizados para defender seus direitos em uma faculdade em Buenos Aires. A narrativa \u00e9 bastante coerente para os dias de hoje, especialmente em tempos de protestos por todo o mundo, inclusive o Brasil. No Jardim, \u00e0s 6h00pm, voc\u00ea poder\u00e1 conferir o show de Adam Brisbin com repert\u00f3rio de seu \u00faltimo \u00e1lbum, \u201cMadrid\u201d, inspirado pela evolu\u00e7\u00e3o da m\u00fasica americana, desde Louis Armstrong \u00e1 Bernard Herrmann. Visite <a href=\"http:\/\/www.moma.org\">www.moma.org<\/a>.<!--more--><\/p>\n<p><b><i>*SummerStage Jazz Festival (The New School for Jazz, 55 West 13<sup>th<\/sup>Street)-<\/i><\/b> O Evento realizado pela City Park Foundation, apresenta o Charlie Parker Jazz Festival, no palco montado no 5\u00ba Piso da New School, hoje \u00e0s 6h30 com a exibi\u00e7\u00e3o de \u201cThe Girls in The Band\u201d, e uma discuss\u00e3o aberta ao p\u00fablico com Dr. Lara Pellegrini, Sheila Jordan e Kim Thompson e amanh\u00e3 \u00e0s 11h00am, com o show do percusionista indicado ao Grammy, Matt Wilson, com repert\u00f3rio e intera\u00e7\u00e3o com o p\u00fablico que dever\u00e1 agradar a todas as idades. J\u00e1 \u00e0s 7h00pm, tamb\u00e9m na sexta, o evento desloca-se para o Marcus Garvey Park, com a apresenta\u00e7\u00e3o de \u201cBird is The Word\u201d, nova releitura concebida pelo legend\u00e1rio Jimmy Heath e a Big Band. E no s\u00e1bado, tamb\u00e9m no Marcus Garvey Park, Kenny Garrett, C\u00e9cile Mclorin Salvant, Kim Thompson e Jaleel Shaw, dividem o palco a partir das 3h00pm, para celebrar o Jazz tradicional e o contempor\u00e2neo. Gr\u00e1tis. Visite <a href=\"http:\/\/www.summerstage.org\">www.summerstage.org<\/a>.<\/p>\n<p><b><i>*Fuse Gallery (93 Second Avenue)-<\/i><\/b> A fot\u00f3grafa Aliya Naumoff exibe uma cole\u00e7\u00e3o de fotos de celebridades, na exposi\u00e7\u00e3o \u201cPerceptions\u201d, apresentando \u00e2ngulos que permitem explorar a dist\u00e2ncia entre o retrato \u00edntimo e a vis\u00e3o da m\u00eddia. Gr\u00e1tis. Visite <a href=\"http:\/\/www.fusegallerynyc.com\">www.fusegallerynyc.com<\/a>.<\/p>\n<p><b><i><img loading=\"lazy\" class=\"alignright size-medium wp-image-2474\" alt=\"agenda cultural 1641 20130822 (2)\" src=\"http:\/\/www.brazilianpress.com\/v1\/wp-content\/uploads\/2013\/08\/agenda-cultural-1641-20130822-2-300x300.jpg\" width=\"300\" height=\"300\" srcset=\"https:\/\/www.brazilianpress.com\/v1\/wp-content\/uploads\/2013\/08\/agenda-cultural-1641-20130822-2-300x300.jpg 300w, https:\/\/www.brazilianpress.com\/v1\/wp-content\/uploads\/2013\/08\/agenda-cultural-1641-20130822-2-150x150.jpg 150w, https:\/\/www.brazilianpress.com\/v1\/wp-content\/uploads\/2013\/08\/agenda-cultural-1641-20130822-2.jpg 355w\" sizes=\"(max-width: 300px) 100vw, 300px\" \/>*New York Hot Jazz Festival (Mehanata, 113 Ludlow Street, Lower East Side)-<\/i><\/b> Amantes do Jazz ter\u00e3o um prato cheio neste domingo com este Festival (foto) que estende as suas comemora\u00e7\u00f5es por todo o dia, come\u00e7ando a 1h00 da tarde, e finalizando com um after-party. Peter and Will Anderson Quintet, The Grand Street Stompers, The Avalon Jazz Band, The Manhattan Society Orchestra e The Hot Sardines, entre outros, apresentar\u00e3o o melhor do jazz, composi\u00e7\u00f5es pr\u00f3prias e cl\u00e1ssicos. Ingressos entre $20-50, e VIP $50. incluindo after-party. Visite <a href=\"http:\/\/www.NYHotJazzFest.com\">www.NYHotJazzFest.com<\/a>.<\/p>\n","protected":false},"excerpt":{"rendered":"<p>*MoMA (11 W 53rd Street)- O cultuado filme argentino \u201cThe Student\u201d(foto), aclamado em v\u00e1rios festivais ao redor do pa\u00eds, marca sua estreia norte-americana de 22 a 28 de agosto, exclusivamente no Museu. O diretor Santiago Mitre, que j\u00e1 colaborou com Walter Salles, estar\u00e1 presente hoje \u00e0s 7h00pm, para introduzir o filme, que aborda as transforma\u00e7\u00f5es pol\u00edticas e sociais de um jovem envolvido em movimentos estudantis, organizados para defender seus direitos em uma faculdade em Buenos Aires. A narrativa \u00e9 bastante coerente para os dias de hoje, especialmente em tempos de protestos por todo o mundo, inclusive o Brasil. No Jardim, [&hellip;]<\/p>\n","protected":false},"author":1,"featured_media":2473,"comment_status":"open","ping_status":"open","sticky":false,"template":"","format":"standard","meta":{"_links_to":"","_links_to_target":""},"categories":[20,5,1],"tags":[],"views":2605,"_links":{"self":[{"href":"https:\/\/www.brazilianpress.com\/v1\/wp-json\/wp\/v2\/posts\/2472"}],"collection":[{"href":"https:\/\/www.brazilianpress.com\/v1\/wp-json\/wp\/v2\/posts"}],"about":[{"href":"https:\/\/www.brazilianpress.com\/v1\/wp-json\/wp\/v2\/types\/post"}],"author":[{"embeddable":true,"href":"https:\/\/www.brazilianpress.com\/v1\/wp-json\/wp\/v2\/users\/1"}],"replies":[{"embeddable":true,"href":"https:\/\/www.brazilianpress.com\/v1\/wp-json\/wp\/v2\/comments?post=2472"}],"version-history":[{"count":3,"href":"https:\/\/www.brazilianpress.com\/v1\/wp-json\/wp\/v2\/posts\/2472\/revisions"}],"predecessor-version":[{"id":2476,"href":"https:\/\/www.brazilianpress.com\/v1\/wp-json\/wp\/v2\/posts\/2472\/revisions\/2476"}],"wp:featuredmedia":[{"embeddable":true,"href":"https:\/\/www.brazilianpress.com\/v1\/wp-json\/wp\/v2\/media\/2473"}],"wp:attachment":[{"href":"https:\/\/www.brazilianpress.com\/v1\/wp-json\/wp\/v2\/media?parent=2472"}],"wp:term":[{"taxonomy":"category","embeddable":true,"href":"https:\/\/www.brazilianpress.com\/v1\/wp-json\/wp\/v2\/categories?post=2472"},{"taxonomy":"post_tag","embeddable":true,"href":"https:\/\/www.brazilianpress.com\/v1\/wp-json\/wp\/v2\/tags?post=2472"}],"curies":[{"name":"wp","href":"https:\/\/api.w.org\/{rel}","templated":true}]}}