{"id":24742,"date":"2016-09-22T16:50:22","date_gmt":"2016-09-22T20:50:22","guid":{"rendered":"http:\/\/www.brazilianpress.com\/v1\/?p=24742"},"modified":"2016-09-22T16:50:22","modified_gmt":"2016-09-22T20:50:22","slug":"testes-da-vacina-contra-dengue-comecam-em-mais-quatro-estados-brasileiros","status":"publish","type":"post","link":"https:\/\/www.brazilianpress.com\/v1\/2016\/09\/22\/testes-da-vacina-contra-dengue-comecam-em-mais-quatro-estados-brasileiros\/","title":{"rendered":"Testes da vacina contra dengue come\u00e7am em mais quatro estados brasileiros"},"content":{"rendered":"<p><img loading=\"lazy\" class=\"alignnone size-full wp-image-19777\" src=\"http:\/\/www.brazilianpress.com\/v1\/wp-content\/uploads\/2015\/12\/aedes-dengue.jpg\" alt=\"aedes dengue\" width=\"500\" height=\"331\" srcset=\"https:\/\/www.brazilianpress.com\/v1\/wp-content\/uploads\/2015\/12\/aedes-dengue.jpg 500w, https:\/\/www.brazilianpress.com\/v1\/wp-content\/uploads\/2015\/12\/aedes-dengue-300x199.jpg 300w\" sizes=\"(max-width: 500px) 100vw, 500px\" \/><\/p>\n<p>Mais quatro Estados brasileiros come\u00e7aram a testar a terceira e \u00faltima etapa da vacina contra a dengue, que est\u00e1 sendo desenvolvida pelo Instituto Butant\u00e3.<\/p>\n<p>Os ensaios cl\u00ednicos come\u00e7ar\u00e3o no dia 5 de outubro em Bras\u00edlia e Cuiab\u00e1 e, no dia 19, no Recife e em Belo Horizonte. At\u00e9 este momento, os testes envolvem 17 mil volunt\u00e1rios em 13 cidades brasileiras.<!--more--><\/p>\n<p>Essa etapa da pesquisa servir\u00e1 para comprovar a efic\u00e1cia da vacina. Do total de volunt\u00e1rios, dois ter\u00e7os receber\u00e3o a vacina e um ter\u00e7o receber\u00e1 placebo, que \u00e9 uma subst\u00e2ncia com as mesmas caracter\u00edsticas da vacina, mas sem os v\u00edrus, ou seja, sem efeito.<\/p>\n<p>Ningu\u00e9m \u2013 nem a equipe m\u00e9dica, nem o volunt\u00e1rio \u2013 saber\u00e3o quem receber\u00e1 a vacina e quem receber\u00e1 o placebo. O objetivo do m\u00e9todo \u00e9 descobrir, a partir dos exames que ser\u00e3o coletados desses volunt\u00e1rios, se quem tomou a vacina ficou protegido e se quem tomou o placebo contraiu a doen\u00e7a.<\/p>\n<p>Os volunt\u00e1rios s\u00e3o pessoas saud\u00e1veis, que j\u00e1 tiveram, ou n\u00e3o, dengue em algum momento da vida e que se enquadram em tr\u00eas faixas et\u00e1rias: 2 a 6 anos, 7 a 17 anos e 18 a 59 anos. Durante cinco anos, eles ser\u00e3o acompanhados por uma equipe m\u00e9dica para verificar a efic\u00e1cia da prote\u00e7\u00e3o oferecida pela vacina.<\/p>\n<p>\u201cHoje estamos enfrentando este grande desafio. S\u00e3o anos de estudo. \u00c9 a \u00faltima fase da primeira vacina do mundo tetravalente com dose \u00fanica e contra quatro tipos de v\u00edrus, com alt\u00edssimo \u00edndice de prote\u00e7\u00e3o. Estamos muito otimistas\u201d, afirmou o governador de S\u00e3o Paulo, Geraldo Alckmin, durante reuni\u00e3o entre pesquisadores do Instituto Butant\u00e3 e de 14 centros de pesquisa de todo o Pa\u00eds que est\u00e3o conduzindo os ensaios cl\u00ednicos da vacina.<\/p>\n","protected":false},"excerpt":{"rendered":"<p>Mais quatro Estados brasileiros come\u00e7aram a testar a terceira e \u00faltima etapa da vacina contra a dengue, que est\u00e1 sendo desenvolvida pelo Instituto Butant\u00e3. Os ensaios cl\u00ednicos come\u00e7ar\u00e3o no dia 5 de outubro em Bras\u00edlia e Cuiab\u00e1 e, no dia 19, no Recife e em Belo Horizonte. At\u00e9 este momento, os testes envolvem 17 mil volunt\u00e1rios em 13 cidades brasileiras.<\/p>\n","protected":false},"author":1,"featured_media":19777,"comment_status":"open","ping_status":"open","sticky":false,"template":"","format":"standard","meta":{"_links_to":"","_links_to_target":""},"categories":[4,1],"tags":[],"views":1749,"_links":{"self":[{"href":"https:\/\/www.brazilianpress.com\/v1\/wp-json\/wp\/v2\/posts\/24742"}],"collection":[{"href":"https:\/\/www.brazilianpress.com\/v1\/wp-json\/wp\/v2\/posts"}],"about":[{"href":"https:\/\/www.brazilianpress.com\/v1\/wp-json\/wp\/v2\/types\/post"}],"author":[{"embeddable":true,"href":"https:\/\/www.brazilianpress.com\/v1\/wp-json\/wp\/v2\/users\/1"}],"replies":[{"embeddable":true,"href":"https:\/\/www.brazilianpress.com\/v1\/wp-json\/wp\/v2\/comments?post=24742"}],"version-history":[{"count":1,"href":"https:\/\/www.brazilianpress.com\/v1\/wp-json\/wp\/v2\/posts\/24742\/revisions"}],"predecessor-version":[{"id":24743,"href":"https:\/\/www.brazilianpress.com\/v1\/wp-json\/wp\/v2\/posts\/24742\/revisions\/24743"}],"wp:featuredmedia":[{"embeddable":true,"href":"https:\/\/www.brazilianpress.com\/v1\/wp-json\/wp\/v2\/media\/19777"}],"wp:attachment":[{"href":"https:\/\/www.brazilianpress.com\/v1\/wp-json\/wp\/v2\/media?parent=24742"}],"wp:term":[{"taxonomy":"category","embeddable":true,"href":"https:\/\/www.brazilianpress.com\/v1\/wp-json\/wp\/v2\/categories?post=24742"},{"taxonomy":"post_tag","embeddable":true,"href":"https:\/\/www.brazilianpress.com\/v1\/wp-json\/wp\/v2\/tags?post=24742"}],"curies":[{"name":"wp","href":"https:\/\/api.w.org\/{rel}","templated":true}]}}