{"id":24748,"date":"2016-09-22T16:54:08","date_gmt":"2016-09-22T20:54:08","guid":{"rendered":"http:\/\/www.brazilianpress.com\/v1\/?p=24748"},"modified":"2016-09-22T16:54:08","modified_gmt":"2016-09-22T20:54:08","slug":"370-kg-de-cocaina-foram-apreendidos-em-fabrica-da-coca-cola","status":"publish","type":"post","link":"https:\/\/www.brazilianpress.com\/v1\/2016\/09\/22\/370-kg-de-cocaina-foram-apreendidos-em-fabrica-da-coca-cola\/","title":{"rendered":"370 kg de coca\u00edna foram apreendidos em f\u00e1brica da Coca-Cola"},"content":{"rendered":"<p><img loading=\"lazy\" class=\"alignnone size-full wp-image-24749\" src=\"http:\/\/www.brazilianpress.com\/v1\/wp-content\/uploads\/2016\/09\/cocaina-coca-cola.jpg\" alt=\"cocaina-coca-cola\" width=\"500\" height=\"300\" srcset=\"https:\/\/www.brazilianpress.com\/v1\/wp-content\/uploads\/2016\/09\/cocaina-coca-cola.jpg 500w, https:\/\/www.brazilianpress.com\/v1\/wp-content\/uploads\/2016\/09\/cocaina-coca-cola-300x180.jpg 300w\" sizes=\"(max-width: 500px) 100vw, 500px\" \/><\/p>\n<p>Uma quantidade calculada em 50 milh\u00f5es de euros de coca\u00edna foi encontrada em uma f\u00e1brica da empresa\u00a0Coca-Cola\u00a0em Signes, na Fran\u00e7a. Cerca de 370 quilos da droga, escondidos em sacos, foram entregues em uma carga de suco de laranja concentrado oriunda da Am\u00e9rica do Sul.<!--more--><\/p>\n<p>A investiga\u00e7\u00e3o ainda em curso sugere que esta talvez seja uma das maiores apreens\u00f5es j\u00e1 feitas em solo franc\u00eas. Segundo o promotor de Toulon, Xavier Tarabeux, a entrega \u201ctem um valor de mercado de 50 milh\u00f5es de euros\u201d e foi descrita como \u201cuma surpresa muito ruim\u201d pelas autoridades.<\/p>\n<p>De acordo com o presidente regional da\u00a0Coca-Cola, Jean-Denis Malgras, em entrevista \u00e0 imprensa local, os primeiros elementos da investiga\u00e7\u00e3o j\u00e1 mostraram que os funcion\u00e1rios da f\u00e1brica n\u00e3o t\u00eam quaisquer rela\u00e7\u00f5es com a origem da droga.<\/p>\n<p>A f\u00f3rmula do refrigerante considerado carro-chefe da marca foi criada em 1886 pelo farmac\u00eautico norte-americano, John Pemberton. Acreditava-se que as primeiras bebidas comercializadas continham cerca de nove miligramas de coca\u00edna, um subproduto do extrato da folha de coca (do qu\u00edchua,\u00a0kuka). Em 1904, a empresa disse ter substitu\u00eddo o ingrediente pelo extrato da folha pura.<\/p>\n<p>A \u00faltima grande apreens\u00e3o de coca\u00edna feita pelas autoridades francesas ocorreu em abril de 2015, quando servi\u00e7os aduaneiros do pa\u00eds ajudaram a deter um carregamento de 250 kg, com valor de mercado em 40 milh\u00f5es de euros. O transporte estava sendo feito por dois homens que tentavam entrar no Reino Unido com a droga dentro de um iate.<\/p>\n","protected":false},"excerpt":{"rendered":"<p>Uma quantidade calculada em 50 milh\u00f5es de euros de coca\u00edna foi encontrada em uma f\u00e1brica da empresa\u00a0Coca-Cola\u00a0em Signes, na Fran\u00e7a. Cerca de 370 quilos da droga, escondidos em sacos, foram entregues em uma carga de suco de laranja concentrado oriunda da Am\u00e9rica do Sul.<\/p>\n","protected":false},"author":1,"featured_media":24749,"comment_status":"open","ping_status":"open","sticky":false,"template":"","format":"standard","meta":{"_links_to":"","_links_to_target":""},"categories":[4,1],"tags":[],"views":2470,"_links":{"self":[{"href":"https:\/\/www.brazilianpress.com\/v1\/wp-json\/wp\/v2\/posts\/24748"}],"collection":[{"href":"https:\/\/www.brazilianpress.com\/v1\/wp-json\/wp\/v2\/posts"}],"about":[{"href":"https:\/\/www.brazilianpress.com\/v1\/wp-json\/wp\/v2\/types\/post"}],"author":[{"embeddable":true,"href":"https:\/\/www.brazilianpress.com\/v1\/wp-json\/wp\/v2\/users\/1"}],"replies":[{"embeddable":true,"href":"https:\/\/www.brazilianpress.com\/v1\/wp-json\/wp\/v2\/comments?post=24748"}],"version-history":[{"count":1,"href":"https:\/\/www.brazilianpress.com\/v1\/wp-json\/wp\/v2\/posts\/24748\/revisions"}],"predecessor-version":[{"id":24750,"href":"https:\/\/www.brazilianpress.com\/v1\/wp-json\/wp\/v2\/posts\/24748\/revisions\/24750"}],"wp:featuredmedia":[{"embeddable":true,"href":"https:\/\/www.brazilianpress.com\/v1\/wp-json\/wp\/v2\/media\/24749"}],"wp:attachment":[{"href":"https:\/\/www.brazilianpress.com\/v1\/wp-json\/wp\/v2\/media?parent=24748"}],"wp:term":[{"taxonomy":"category","embeddable":true,"href":"https:\/\/www.brazilianpress.com\/v1\/wp-json\/wp\/v2\/categories?post=24748"},{"taxonomy":"post_tag","embeddable":true,"href":"https:\/\/www.brazilianpress.com\/v1\/wp-json\/wp\/v2\/tags?post=24748"}],"curies":[{"name":"wp","href":"https:\/\/api.w.org\/{rel}","templated":true}]}}