{"id":24759,"date":"2016-09-26T15:16:01","date_gmt":"2016-09-26T19:16:01","guid":{"rendered":"http:\/\/www.brazilianpress.com\/v1\/?p=24759"},"modified":"2016-09-26T15:16:01","modified_gmt":"2016-09-26T19:16:01","slug":"the-joyce-theater-inovacao-e-elegancia-marcam-nova-temporada-de-danca-moderna","status":"publish","type":"post","link":"https:\/\/www.brazilianpress.com\/v1\/2016\/09\/26\/the-joyce-theater-inovacao-e-elegancia-marcam-nova-temporada-de-danca-moderna\/","title":{"rendered":"The Joyce Theater: Inova\u00e7\u00e3o e eleg\u00e2ncia marcam nova temporada de dan\u00e7a moderna"},"content":{"rendered":"<p><img loading=\"lazy\" class=\"alignnone size-full wp-image-24760\" src=\"http:\/\/www.brazilianpress.com\/v1\/wp-content\/uploads\/2016\/09\/danca-the-joyce-theater-1.jpg\" alt=\"danca-the-joyce-theater-1\" width=\"500\" height=\"363\" srcset=\"https:\/\/www.brazilianpress.com\/v1\/wp-content\/uploads\/2016\/09\/danca-the-joyce-theater-1.jpg 500w, https:\/\/www.brazilianpress.com\/v1\/wp-content\/uploads\/2016\/09\/danca-the-joyce-theater-1-300x218.jpg 300w\" sizes=\"(max-width: 500px) 100vw, 500px\" \/><\/p>\n<p><strong>Roger Costa- <\/strong>Ap\u00f3s o curto recesso de Ver\u00e3o, o prestigiado The Joyce Theater inaugura a temporada Fall 2016\/Spring 2017 apresentando o espet\u00e1culo &#8220;NY Quadrille&#8221; de 27 de Setembro a 9 de Outubro. <!--more-->Explorando ainda mais profundo a dan\u00e7a contempor\u00e2nea e as capacidades art\u00edsticas, The Joyce Foundation resolveu investir em inova\u00e7\u00f5es, e come\u00e7ando com a pr\u00f3pria estrutura do teatro, comissionou o ilustre core\u00f3grafo Lar Lubovitch para conceber m\u00faltiplas coreografias em forma retangular, que podem ser vistas atrav\u00e9s dos 4 \u00e2ngulos. Para o programa de 2 semanas, Lar Lubovitch escolheu nomes renomados para dar vida ao projeto, sendo 4 estr\u00e9ias mundiais criadas especialmente para a ocasi\u00e3o: Pam Tanowitz Dance, RoseAnne Spradlin, Tere O&#8217;Connor Dance e Loni Landon Dance Project.<\/p>\n<p><img loading=\"lazy\" class=\"alignnone size-full wp-image-24762\" src=\"http:\/\/www.brazilianpress.com\/v1\/wp-content\/uploads\/2016\/09\/danca-the-joyce-theater-3.jpg\" alt=\"danca-the-joyce-theater-3\" width=\"500\" height=\"306\" srcset=\"https:\/\/www.brazilianpress.com\/v1\/wp-content\/uploads\/2016\/09\/danca-the-joyce-theater-3.jpg 500w, https:\/\/www.brazilianpress.com\/v1\/wp-content\/uploads\/2016\/09\/danca-the-joyce-theater-3-300x184.jpg 300w\" sizes=\"(max-width: 500px) 100vw, 500px\" \/><\/p>\n<p>The Joyce Theater \u00e9 a organiza\u00e7\u00e3o principal em New York, palco para grandes descobertas da dan\u00e7a contempor\u00e2nea, apresentando estreias nacionais e internacionais durante todo o ano, incluindo v\u00e1rios festivais. Localizado no 175 da 8\u00aa Avenida esquina com a 19th Street em Manhattan. Visite o website www.joyce.org para ingressos e detalhes sobre as sess\u00f5es especiais, onde os artistas e dan\u00e7arinos participar\u00e3o de conversas com a audi\u00eancia ap\u00f3s o show.<\/p>\n<p>Programa:<\/p>\n<p><strong>Pam Tanowitz Dance<\/strong><\/p>\n<p><strong>Tue, Sep 27 &amp; Wed, Sep 28 at 7:30pm; Sat, Oct 1 at 2pm &amp; 8pm<\/strong><\/p>\n<p><strong>\u00a0<img loading=\"lazy\" class=\"alignnone size-full wp-image-24763\" src=\"http:\/\/www.brazilianpress.com\/v1\/wp-content\/uploads\/2016\/09\/danca-the-joyce-theater-4.jpg\" alt=\"danca-the-joyce-theater-4\" width=\"500\" height=\"363\" srcset=\"https:\/\/www.brazilianpress.com\/v1\/wp-content\/uploads\/2016\/09\/danca-the-joyce-theater-4.jpg 500w, https:\/\/www.brazilianpress.com\/v1\/wp-content\/uploads\/2016\/09\/danca-the-joyce-theater-4-300x218.jpg 300w\" sizes=\"(max-width: 500px) 100vw, 500px\" \/><\/strong><\/p>\n<p><strong>RoseAnne Spradlin<\/strong><\/p>\n<p><strong>Thu, Sep 29 and Fri, Sep 30 at 8pm; Sun, Oct 2 at 2pm &amp; 7:30pm<\/strong><\/p>\n<p><strong>\u00a0<\/strong><\/p>\n<p><strong>Tere O&#8217;Connor Dance<\/strong><\/p>\n<p><strong>Tue, Oct 4 and Wed, Oct 5 at 7:30pm; Sat, Oct 8 at 2pm &amp; 8pm<\/strong><\/p>\n<p><strong>\u00a0<img loading=\"lazy\" class=\"alignnone size-full wp-image-24761\" src=\"http:\/\/www.brazilianpress.com\/v1\/wp-content\/uploads\/2016\/09\/danca-the-joyce-theater-2.jpg\" alt=\"danca-the-joyce-theater-2\" width=\"500\" height=\"363\" srcset=\"https:\/\/www.brazilianpress.com\/v1\/wp-content\/uploads\/2016\/09\/danca-the-joyce-theater-2.jpg 500w, https:\/\/www.brazilianpress.com\/v1\/wp-content\/uploads\/2016\/09\/danca-the-joyce-theater-2-300x218.jpg 300w\" sizes=\"(max-width: 500px) 100vw, 500px\" \/><\/strong><\/p>\n<p><strong>Loni Landon Dance Project<\/strong><\/p>\n<p><strong>Thu, Oct 6 and Fri, Oct 7 at 8pm; Sun, Oct 9 at 2pm &amp; 7:30pm<\/strong><\/p>\n","protected":false},"excerpt":{"rendered":"<p>Roger Costa- Ap\u00f3s o curto recesso de Ver\u00e3o, o prestigiado The Joyce Theater inaugura a temporada Fall 2016\/Spring 2017 apresentando o espet\u00e1culo &#8220;NY Quadrille&#8221; de 27 de Setembro a 9 de Outubro.<\/p>\n","protected":false},"author":1,"featured_media":24760,"comment_status":"open","ping_status":"open","sticky":false,"template":"","format":"standard","meta":{"_links_to":"","_links_to_target":""},"categories":[20,4,1],"tags":[],"views":2352,"_links":{"self":[{"href":"https:\/\/www.brazilianpress.com\/v1\/wp-json\/wp\/v2\/posts\/24759"}],"collection":[{"href":"https:\/\/www.brazilianpress.com\/v1\/wp-json\/wp\/v2\/posts"}],"about":[{"href":"https:\/\/www.brazilianpress.com\/v1\/wp-json\/wp\/v2\/types\/post"}],"author":[{"embeddable":true,"href":"https:\/\/www.brazilianpress.com\/v1\/wp-json\/wp\/v2\/users\/1"}],"replies":[{"embeddable":true,"href":"https:\/\/www.brazilianpress.com\/v1\/wp-json\/wp\/v2\/comments?post=24759"}],"version-history":[{"count":1,"href":"https:\/\/www.brazilianpress.com\/v1\/wp-json\/wp\/v2\/posts\/24759\/revisions"}],"predecessor-version":[{"id":24764,"href":"https:\/\/www.brazilianpress.com\/v1\/wp-json\/wp\/v2\/posts\/24759\/revisions\/24764"}],"wp:featuredmedia":[{"embeddable":true,"href":"https:\/\/www.brazilianpress.com\/v1\/wp-json\/wp\/v2\/media\/24760"}],"wp:attachment":[{"href":"https:\/\/www.brazilianpress.com\/v1\/wp-json\/wp\/v2\/media?parent=24759"}],"wp:term":[{"taxonomy":"category","embeddable":true,"href":"https:\/\/www.brazilianpress.com\/v1\/wp-json\/wp\/v2\/categories?post=24759"},{"taxonomy":"post_tag","embeddable":true,"href":"https:\/\/www.brazilianpress.com\/v1\/wp-json\/wp\/v2\/tags?post=24759"}],"curies":[{"name":"wp","href":"https:\/\/api.w.org\/{rel}","templated":true}]}}