{"id":2478,"date":"2013-08-22T09:08:02","date_gmt":"2013-08-22T13:08:02","guid":{"rendered":"http:\/\/www.brazilianpress.com\/v1\/?p=2478"},"modified":"2013-08-22T09:08:02","modified_gmt":"2013-08-22T13:08:02","slug":"diego-tardelli-mantem-expectativa-de-voltar-a-atuar-apos-tres-jogos-fora","status":"publish","type":"post","link":"https:\/\/www.brazilianpress.com\/v1\/2013\/08\/22\/diego-tardelli-mantem-expectativa-de-voltar-a-atuar-apos-tres-jogos-fora\/","title":{"rendered":"Diego Tardelli mant\u00e9m expectativa de voltar a atuar ap\u00f3s tr\u00eas jogos fora"},"content":{"rendered":"<p>De volta aos treinos com bola, o atacante Diego Tardelli manifestou a vontade de voltar ao time na quinta-feira, contra o Botafogo, pela Copa do Brasil, depois de desfalcar o Atl\u00e9tico-MG nos \u00faltimos tr\u00eas jogos. Por\u00e9m, afirma que precisa ganhar for\u00e7a para poder retornar.<\/p>\n<p><img loading=\"lazy\" class=\"alignnone size-full wp-image-2479\" alt=\"diego tardelli\" src=\"http:\/\/www.brazilianpress.com\/v1\/wp-content\/uploads\/2013\/08\/diego-tardelli.jpg\" width=\"500\" height=\"300\" srcset=\"https:\/\/www.brazilianpress.com\/v1\/wp-content\/uploads\/2013\/08\/diego-tardelli.jpg 500w, https:\/\/www.brazilianpress.com\/v1\/wp-content\/uploads\/2013\/08\/diego-tardelli-300x180.jpg 300w\" sizes=\"(max-width: 500px) 100vw, 500px\" \/><\/p>\n<p>&#8220;Estou com vontade de jogar, ap\u00f3s tr\u00eas jogos fora. \u00c9 ruim. Essa les\u00e3o me atrapalhou um pouco. Vamos ver o que acontece durante a semana. Preciso ganhar um pouco de for\u00e7a, de massa. Tenho ainda alguns dias para trabalhar&#8221;, observou Diego Tardelli.<!--more--><\/p>\n<p>Tardelli ficou fora dos \u00faltimos tr\u00eas jogos do Atl\u00e9tico, quando reclamou de dores musculares. O jogador voltou a treinar com bola na tarde de segunda-feira e dever\u00e1 participar do treino da ter\u00e7a-feira, por\u00e9m n\u00e3o tem a participa\u00e7\u00e3o diante do Botafogo confirmada.<\/p>\n<p>&#8220;Penso em voltar a jogar o mais r\u00e1pido poss\u00edvel. Ficar fora n\u00e3o d\u00e1 mais. \u00c9 sofrido. \u00c9 bom voltar em um momento onde a equipe esta bem, o relaxamento j\u00e1 passou. Est\u00e3o todos focados e sabendo o que querem&#8221;, afirmou o atacante.<\/p>\n<p>O t\u00e9cnico Cuca poder\u00e1 optar em resguardar o atleta para o jogo de domingo, contra a Portuguesa, no Independ\u00eancia partida que o comandante j\u00e1 n\u00e3o ter\u00e1 o meia Ronaldinho Ga\u00facho e o atacante Fernandinho, ambos suspensos.<\/p>\n<p>Tardelli espera jogar para ganhar ritmo de jogo. &#8220;Sei que posso fazer algo diferente. E quando voc\u00ea est\u00e1 de fora v\u00ea melhor as coisas em campo. Queria estar jogando. Infelizmente, n\u00e3o pude estar nesses tr\u00eas jogos. Nosso time j\u00e1 tem um padr\u00e3o de jogo e, quando eu n\u00e3o estou, percebo que perde um pouco essa velocidade&#8221;, ressaltou o atacante.<\/p>\n","protected":false},"excerpt":{"rendered":"<p>De volta aos treinos com bola, o atacante Diego Tardelli manifestou a vontade de voltar ao time na quinta-feira, contra o Botafogo, pela Copa do Brasil, depois de desfalcar o Atl\u00e9tico-MG nos \u00faltimos tr\u00eas jogos. Por\u00e9m, afirma que precisa ganhar for\u00e7a para poder retornar. &#8220;Estou com vontade de jogar, ap\u00f3s tr\u00eas jogos fora. \u00c9 ruim. Essa les\u00e3o me atrapalhou um pouco. Vamos ver o que acontece durante a semana. Preciso ganhar um pouco de for\u00e7a, de massa. Tenho ainda alguns dias para trabalhar&#8221;, observou Diego Tardelli.<\/p>\n","protected":false},"author":1,"featured_media":2479,"comment_status":"open","ping_status":"open","sticky":false,"template":"","format":"standard","meta":{"_links_to":"","_links_to_target":""},"categories":[9,1],"tags":[],"views":3216,"_links":{"self":[{"href":"https:\/\/www.brazilianpress.com\/v1\/wp-json\/wp\/v2\/posts\/2478"}],"collection":[{"href":"https:\/\/www.brazilianpress.com\/v1\/wp-json\/wp\/v2\/posts"}],"about":[{"href":"https:\/\/www.brazilianpress.com\/v1\/wp-json\/wp\/v2\/types\/post"}],"author":[{"embeddable":true,"href":"https:\/\/www.brazilianpress.com\/v1\/wp-json\/wp\/v2\/users\/1"}],"replies":[{"embeddable":true,"href":"https:\/\/www.brazilianpress.com\/v1\/wp-json\/wp\/v2\/comments?post=2478"}],"version-history":[{"count":2,"href":"https:\/\/www.brazilianpress.com\/v1\/wp-json\/wp\/v2\/posts\/2478\/revisions"}],"predecessor-version":[{"id":2483,"href":"https:\/\/www.brazilianpress.com\/v1\/wp-json\/wp\/v2\/posts\/2478\/revisions\/2483"}],"wp:featuredmedia":[{"embeddable":true,"href":"https:\/\/www.brazilianpress.com\/v1\/wp-json\/wp\/v2\/media\/2479"}],"wp:attachment":[{"href":"https:\/\/www.brazilianpress.com\/v1\/wp-json\/wp\/v2\/media?parent=2478"}],"wp:term":[{"taxonomy":"category","embeddable":true,"href":"https:\/\/www.brazilianpress.com\/v1\/wp-json\/wp\/v2\/categories?post=2478"},{"taxonomy":"post_tag","embeddable":true,"href":"https:\/\/www.brazilianpress.com\/v1\/wp-json\/wp\/v2\/tags?post=2478"}],"curies":[{"name":"wp","href":"https:\/\/api.w.org\/{rel}","templated":true}]}}