{"id":24801,"date":"2016-09-29T13:30:56","date_gmt":"2016-09-29T17:30:56","guid":{"rendered":"http:\/\/www.brazilianpress.com\/v1\/?p=24801"},"modified":"2016-09-29T13:30:56","modified_gmt":"2016-09-29T17:30:56","slug":"recuperado-e-com-moral-datolo-reconquista-prestigio-dentro-do-atletico-mg","status":"publish","type":"post","link":"https:\/\/www.brazilianpress.com\/v1\/2016\/09\/29\/recuperado-e-com-moral-datolo-reconquista-prestigio-dentro-do-atletico-mg\/","title":{"rendered":"Recuperado e com moral, D\u00e1tolo reconquista prest\u00edgio dentro do Atl\u00e9tico-MG"},"content":{"rendered":"<p><img loading=\"lazy\" class=\"alignnone size-full wp-image-24802\" src=\"http:\/\/www.brazilianpress.com\/v1\/wp-content\/uploads\/2016\/09\/datolo-atletico-mg.jpg\" alt=\"_datolo-atletico-mg\" width=\"500\" height=\"300\" srcset=\"https:\/\/www.brazilianpress.com\/v1\/wp-content\/uploads\/2016\/09\/datolo-atletico-mg.jpg 500w, https:\/\/www.brazilianpress.com\/v1\/wp-content\/uploads\/2016\/09\/datolo-atletico-mg-300x180.jpg 300w\" sizes=\"(max-width: 500px) 100vw, 500px\" \/><\/p>\n<p>A fase de D\u00e1tolo\u00a0no Atl\u00e9tico-MG parece come\u00e7ar a mudar. O argentino entrou no segundo tempo da vit\u00f3ria sobre o Internacional, teve boa atua\u00e7\u00e3o e participou do terceiro gol da equipe mineira. Um desempenho que ganhou elogios do t\u00e9cnico Marcelo Oliveira, que ressaltou sua confian\u00e7a no jogador.<!--more--><\/p>\n<p>&#8220;Foi fundamental. Entrou, fez a jogada do terceiro gol e deu um pouco mais de cad\u00eancia. Um jogo que n\u00f3s erramos muitos passes no segundo tempo e perdemos muita a segunda bola. Isso que deu for\u00e7a para o advers\u00e1rio&#8221;, disse o treinador.<\/p>\n<p>Apesar de estar \u00e0 frente no placar contra\u00a0o Internacional, o Atl\u00e9tico-MG n\u00e3o conseguia controlar o jogo. No segundo tempo, a bola ficava mais nos p\u00e9s da equipe visitante, que chegava mais ao ataque, apesar de n\u00e3o criar uma chance clara sequer. Mas o fato de a bola rondar mais o gol de Victor do que o de Danilo Fernandes criou um clima de preocupa\u00e7\u00e3o no Independ\u00eancia.<\/p>\n<p>A tranquilidade s\u00f3 chegou aos 35 minutos, com o terceiro gol atleticano, anotado por Lucas Pratto. Jogada entre os argentinos, Pratto recebeu o passe feito por D\u00e1tolo. Ambos sa\u00edram do banco de reservas e o camisa 10 ganhou destaque. Foi apenas a segunda partida de D\u00e1tolo em quase tr\u00eas meses.<\/p>\n<p>E n\u00e3o foi somente contra o Inter que D\u00e1tolo entrou e bem. Foi assim tamb\u00e9m contra a Ponte Preta, na semana anterior, pelas oitavas de final da Copa do Brasil. O argentino entrou com o Atl\u00e9tico-MG perdendo por 2 a 1 e, no minuto seguinte, cobrou o escanteio que originou o gol de Robinho, o gol da classifica\u00e7\u00e3o atleticana.<\/p>\n<p>O fato de D\u00e1tolo recuperar o bom desempenho \u00e9 bastante comemorado por Marcelo Oliveira. Durante o per\u00edodo em que o meia ficou fora de combate, o treinador atleticano fazia quest\u00e3o de dizer que contava com o argentino para a sequ\u00eancia da temporada. D\u00e1tolo ficou fora do time por causa de uma les\u00e3o muscular na coxa esquerda, a terceira da temporada 2016.<\/p>\n<p>Recuperado, o jogador passou por problemas pessoais, como revelou ap\u00f3s o empate com a Ponte Preta. Motivo pelo qual se recusou a jogar contra o Vit\u00f3ria e aumentou o tempo longe dos gramados. O per\u00edodo sem disputar jogos pelo Atl\u00e9tico apenas alimentou as especula\u00e7\u00f5es sobre uma poss\u00edvel sa\u00edda, j\u00e1 que Fluminense e S\u00e3o Paulo chegaram a manifestar interesse no jogador. Mas D\u00e1tolo ficou e \u00e9 uma op\u00e7\u00e3o importante para Marcelo Oliveira.<\/p>\n<p>&#8220;O D\u00e1tolo era s\u00f3 uma quest\u00e3o de se sentir seguro e preparado. Est\u00e1vamos ansiosos para ele voltasse, pois \u00e9 um jogador de muita t\u00e9cnica. Mas o D\u00e1tolo ainda n\u00e3o tem condi\u00e7\u00e3o de jogar nem um tempo inteiro ainda, a n\u00e3o ser um jogo de um apelo diferente, que o time esteja ganhando ou com um apelo mais ofensivo. Temos de ter esse cuidado, pois ele tem um hist\u00f3rico recente de les\u00f5es&#8221;, completou treinador.<\/p>\n<p>O trabalho agora \u00e9 para que D\u00e1tolo tenha condi\u00e7\u00f5es de suportar o maior tempo poss\u00edvel em campo. Com Cazeres convocado para a sele\u00e7\u00e3o do Equador, o Atl\u00e9tico vai precisar de um meia para ser titular contra o Corinthians, no dia 5 de outubro. E D\u00e1tolo aparece como o principal candidato.<\/p>\n","protected":false},"excerpt":{"rendered":"<p>A fase de D\u00e1tolo\u00a0no Atl\u00e9tico-MG parece come\u00e7ar a mudar. O argentino entrou no segundo tempo da vit\u00f3ria sobre o Internacional, teve boa atua\u00e7\u00e3o e participou do terceiro gol da equipe mineira. Um desempenho que ganhou elogios do t\u00e9cnico Marcelo Oliveira, que ressaltou sua confian\u00e7a no jogador.<\/p>\n","protected":false},"author":1,"featured_media":24802,"comment_status":"open","ping_status":"open","sticky":false,"template":"","format":"standard","meta":{"_links_to":"","_links_to_target":""},"categories":[9,1],"tags":[],"views":1757,"_links":{"self":[{"href":"https:\/\/www.brazilianpress.com\/v1\/wp-json\/wp\/v2\/posts\/24801"}],"collection":[{"href":"https:\/\/www.brazilianpress.com\/v1\/wp-json\/wp\/v2\/posts"}],"about":[{"href":"https:\/\/www.brazilianpress.com\/v1\/wp-json\/wp\/v2\/types\/post"}],"author":[{"embeddable":true,"href":"https:\/\/www.brazilianpress.com\/v1\/wp-json\/wp\/v2\/users\/1"}],"replies":[{"embeddable":true,"href":"https:\/\/www.brazilianpress.com\/v1\/wp-json\/wp\/v2\/comments?post=24801"}],"version-history":[{"count":1,"href":"https:\/\/www.brazilianpress.com\/v1\/wp-json\/wp\/v2\/posts\/24801\/revisions"}],"predecessor-version":[{"id":24803,"href":"https:\/\/www.brazilianpress.com\/v1\/wp-json\/wp\/v2\/posts\/24801\/revisions\/24803"}],"wp:featuredmedia":[{"embeddable":true,"href":"https:\/\/www.brazilianpress.com\/v1\/wp-json\/wp\/v2\/media\/24802"}],"wp:attachment":[{"href":"https:\/\/www.brazilianpress.com\/v1\/wp-json\/wp\/v2\/media?parent=24801"}],"wp:term":[{"taxonomy":"category","embeddable":true,"href":"https:\/\/www.brazilianpress.com\/v1\/wp-json\/wp\/v2\/categories?post=24801"},{"taxonomy":"post_tag","embeddable":true,"href":"https:\/\/www.brazilianpress.com\/v1\/wp-json\/wp\/v2\/tags?post=24801"}],"curies":[{"name":"wp","href":"https:\/\/api.w.org\/{rel}","templated":true}]}}