{"id":24804,"date":"2016-09-29T13:31:56","date_gmt":"2016-09-29T17:31:56","guid":{"rendered":"http:\/\/www.brazilianpress.com\/v1\/?p=24804"},"modified":"2016-09-29T13:31:56","modified_gmt":"2016-09-29T17:31:56","slug":"mano-poe-fuga-da-degola-como-prioridade-mas-pensa-ate-em-taca-na-copa-br","status":"publish","type":"post","link":"https:\/\/www.brazilianpress.com\/v1\/2016\/09\/29\/mano-poe-fuga-da-degola-como-prioridade-mas-pensa-ate-em-taca-na-copa-br\/","title":{"rendered":"Mano p\u00f5e fuga da &#8216;degola&#8217; como prioridade, mas pensa at\u00e9 em ta\u00e7a na Copa BR"},"content":{"rendered":"<p><img loading=\"lazy\" class=\"alignnone size-full wp-image-24805\" src=\"http:\/\/www.brazilianpress.com\/v1\/wp-content\/uploads\/2016\/09\/mano-menezes-cruzeiro.jpg\" alt=\"_mano-menezes-cruzeiro\" width=\"500\" height=\"300\" srcset=\"https:\/\/www.brazilianpress.com\/v1\/wp-content\/uploads\/2016\/09\/mano-menezes-cruzeiro.jpg 500w, https:\/\/www.brazilianpress.com\/v1\/wp-content\/uploads\/2016\/09\/mano-menezes-cruzeiro-300x180.jpg 300w\" sizes=\"(max-width: 500px) 100vw, 500px\" \/><\/p>\n<p>Mano Menezes n\u00e3o esconde a prioridade do Cruzeiro neste momento. Mesmo que haja possibilidade de vencer a Copa do Brasil pela quinta vez, o t\u00e9cnico afirma que o Campeonato Brasileiro est\u00e1 em primeiro plano. Contudo, enaltece o elenco e n\u00e3o descarta a luta pela competi\u00e7\u00e3o de mata-mata.<!--more--><\/p>\n<p>Fugir do rebaixamento in\u00e9dito \u00e9 o foco na Toca da Raposa II. Com 30 pontos e na 17\u00aa coloca\u00e7\u00e3o em 27 rodadas, a equipe precisa conquistar mais 17 em 33 poss\u00edveis para assegurar a perman\u00eancia na S\u00e9rie A em 2017, segundo o matem\u00e1tico Trist\u00e3o Garcia, especialista em n\u00fameros no futebol.<\/p>\n<p>Ciente de que seus atletas necessitam alcan\u00e7ar 51,51% de aproveitamento nas rodadas finais do Brasileir\u00e3o, o treinador define a competi\u00e7\u00e3o como\u00a0sua prioridade. No entanto, destaca o plantel que tem \u00e0 disposi\u00e7\u00e3o:<\/p>\n<p>&#8220;Certamente o Cruzeiro, entre as duas coisas (Copa do Brasil e Brasileir\u00e3o), tem uma prioridade: continuar na primeira divis\u00e3o do Campeonato Brasileiro. Se tiver alguma situa\u00e7\u00e3o de risco, vamos concentrar nossas for\u00e7as no Brasileiro. O que n\u00e3o quer dizer que n\u00e3o podemos ganhar a Copa do Brasil. Temos elenco para isso&#8221;, afirmou.<\/p>\n<p>Embora garanta que a preocupa\u00e7\u00e3o maior \u00e9 fugir do grupo de descenso do Campeonato Brasileiro, Mano Menezes diz que utilizar\u00e1 for\u00e7a m\u00e1xima na Copa do Brasil. Substitui\u00e7\u00f5es ser\u00e3o feitas somente se houver recomenda\u00e7\u00e3o m\u00e9dica:<\/p>\n<p>&#8220;Sempre vamos entrar com for\u00e7a m\u00e1xima. O que disse, e vou repetir, \u00e9 que se houver alguma dificuldade, se existir algu\u00e9m que n\u00e3o esteja 100%, a\u00ed vamos colocar um jogador em melhores condi\u00e7\u00f5es&#8221;, declarou.<\/p>\n<p>O treinador reconhece que \u00e9 dif\u00edcil que o elenco consiga separar as competi\u00e7\u00f5es e afirma que n\u00e3o falta confian\u00e7a ao Cruzeiro neste momento da temporada:<\/p>\n<p>&#8220;N\u00e3o h\u00e1 um bot\u00e3o que separa 100% uma coisa de outra coisa. Mas tamb\u00e9m n\u00e3o creio que falte confian\u00e7a \u00e0 equipe. No segundo tempo o Cruzeiro pegou a bola, a colocou no ch\u00e3o e jogou mais que o vice-l\u00edder do campeonato. N\u00e3o creio que tenha faltado confian\u00e7a, mas sim entendimento. \u00c9 isso que vamos trabalhar durante a semana&#8221;, concluiu.<\/p>\n","protected":false},"excerpt":{"rendered":"<p>Mano Menezes n\u00e3o esconde a prioridade do Cruzeiro neste momento. Mesmo que haja possibilidade de vencer a Copa do Brasil pela quinta vez, o t\u00e9cnico afirma que o Campeonato Brasileiro est\u00e1 em primeiro plano. Contudo, enaltece o elenco e n\u00e3o descarta a luta pela competi\u00e7\u00e3o de mata-mata.<\/p>\n","protected":false},"author":1,"featured_media":24805,"comment_status":"open","ping_status":"open","sticky":false,"template":"","format":"standard","meta":{"_links_to":"","_links_to_target":""},"categories":[9,1],"tags":[],"views":1816,"_links":{"self":[{"href":"https:\/\/www.brazilianpress.com\/v1\/wp-json\/wp\/v2\/posts\/24804"}],"collection":[{"href":"https:\/\/www.brazilianpress.com\/v1\/wp-json\/wp\/v2\/posts"}],"about":[{"href":"https:\/\/www.brazilianpress.com\/v1\/wp-json\/wp\/v2\/types\/post"}],"author":[{"embeddable":true,"href":"https:\/\/www.brazilianpress.com\/v1\/wp-json\/wp\/v2\/users\/1"}],"replies":[{"embeddable":true,"href":"https:\/\/www.brazilianpress.com\/v1\/wp-json\/wp\/v2\/comments?post=24804"}],"version-history":[{"count":1,"href":"https:\/\/www.brazilianpress.com\/v1\/wp-json\/wp\/v2\/posts\/24804\/revisions"}],"predecessor-version":[{"id":24806,"href":"https:\/\/www.brazilianpress.com\/v1\/wp-json\/wp\/v2\/posts\/24804\/revisions\/24806"}],"wp:featuredmedia":[{"embeddable":true,"href":"https:\/\/www.brazilianpress.com\/v1\/wp-json\/wp\/v2\/media\/24805"}],"wp:attachment":[{"href":"https:\/\/www.brazilianpress.com\/v1\/wp-json\/wp\/v2\/media?parent=24804"}],"wp:term":[{"taxonomy":"category","embeddable":true,"href":"https:\/\/www.brazilianpress.com\/v1\/wp-json\/wp\/v2\/categories?post=24804"},{"taxonomy":"post_tag","embeddable":true,"href":"https:\/\/www.brazilianpress.com\/v1\/wp-json\/wp\/v2\/tags?post=24804"}],"curies":[{"name":"wp","href":"https:\/\/api.w.org\/{rel}","templated":true}]}}