{"id":24811,"date":"2016-09-29T13:36:30","date_gmt":"2016-09-29T17:36:30","guid":{"rendered":"http:\/\/www.brazilianpress.com\/v1\/?p=24811"},"modified":"2016-09-29T13:36:30","modified_gmt":"2016-09-29T17:36:30","slug":"tiroteio-em-houston-deixa-nove-feridos-suspeito-e-morto","status":"publish","type":"post","link":"https:\/\/www.brazilianpress.com\/v1\/2016\/09\/29\/tiroteio-em-houston-deixa-nove-feridos-suspeito-e-morto\/","title":{"rendered":"Tiroteio em Houston deixa nove feridos; suspeito \u00e9 morto"},"content":{"rendered":"<p><img loading=\"lazy\" class=\"alignnone size-full wp-image-24812\" src=\"http:\/\/www.brazilianpress.com\/v1\/wp-content\/uploads\/2016\/09\/tiroteio1.jpg\" alt=\"tiroteio\" width=\"500\" height=\"285\" srcset=\"https:\/\/www.brazilianpress.com\/v1\/wp-content\/uploads\/2016\/09\/tiroteio1.jpg 500w, https:\/\/www.brazilianpress.com\/v1\/wp-content\/uploads\/2016\/09\/tiroteio1-300x171.jpg 300w\" sizes=\"(max-width: 500px) 100vw, 500px\" \/><\/p>\n<p>Um homem vestido com traje nazista abriu fogo segunda-feira em um centro comercial de Houston, Texas, deixando nove feridos, antes de ser abatido pelas for\u00e7as de ordem, indicou a pol\u00edcia.<\/p>\n<p>O agressor foi identificado como um advogado do Texas e usava um antigo uniforme militar com s\u00edmbolos nazistas, disse Martha Montalvo, chefe da pol\u00edcia de Houston, em uma coletiva de imprensa.<!--more--><\/p>\n<p>As autoridades afirmaram ainda que foram encontrados na resid\u00eancia do agressor outros objetos militares hist\u00f3ricos, alguns deles da \u00e9poca da Guerra Civil americana.<\/p>\n<p>Segundo declarou na segunda-feira o prefeito Houston, Sylvester Turner, \u00e0 rede local KTRK, aparentemente, a causa do ataque foi a deteriora\u00e7\u00e3o da rela\u00e7\u00e3o do advogado com a empresa onde ele trabalhava.<\/p>\n<p>Na a\u00e7\u00e3o, o agressor usou um fuzil e uma pistola, ambas semiautom\u00e1ticas, que havia adquirido legalmente.<\/p>\n<p>Dos nove feridos, seis foram enviados de urg\u00eancia a hospitais pr\u00f3ximos, enquanto os demais foram atendidos na zona do incidente.<\/p>\n<p>Ao menos um dos feridos estava em estado cr\u00edtico, informou a pol\u00edcia.<\/p>\n<p>Enquanto isso, o prefeito de Houston, Sylvester Turner, disse a uma rede local de televis\u00e3o que aparentemente a causa do ataque foi a deteriora\u00e7\u00e3o da rela\u00e7\u00e3o do advogado com a empresa onde atuava.<\/p>\n<p>A pol\u00edcia recebeu o primeiro alerta \u00e0s 06h29 locais (08h29 de Bras\u00edlia) desta segunda-feira, e ao chegar ao centro comercial come\u00e7ou uma forte troca de tiros com o atirador.<\/p>\n<p>De acordo com Montalvo, o homem fez muitos disparos contra os agentes.<\/p>\n<p>Na troca de tiros, o homem morreu e os agentes revistaram seu corpo e posteriormente seu ve\u00edculo para determinar se havia explosivos.<\/p>\n<p>Testemunhas informaram que o atirador come\u00e7ou a disparar contra carros em movimento em uma \u00e1rea pr\u00f3xima a um complexo habitacional, informaram meios de comunica\u00e7\u00e3o.<\/p>\n<p>&#8220;Os tiros eram disparados quase ininterruptamente. Quatro, cinco, seis de cada vez&#8221;, disse Jaime Zamora, um cinegrafista da rede de televis\u00e3o de Houston KTRK que presenciou alguns dos tiros. Ele estimou que entre 30 e 50 tiros foram disparados.<\/p>\n<p>Redes de televis\u00e3o locais transmitiram imagens de carros com marcas de balas e janelas quebradas.<\/p>\n<p>As equipes de emerg\u00eancia instalaram uma \u00e1rea de atendimento provis\u00f3ria para as v\u00edtimas em um shopping pr\u00f3ximo.<\/p>\n<p>As autoridades pediram que os moradores das proximidades permane\u00e7am abrigados.<\/p>\n","protected":false},"excerpt":{"rendered":"<p>Um homem vestido com traje nazista abriu fogo segunda-feira em um centro comercial de Houston, Texas, deixando nove feridos, antes de ser abatido pelas for\u00e7as de ordem, indicou a pol\u00edcia. O agressor foi identificado como um advogado do Texas e usava um antigo uniforme militar com s\u00edmbolos nazistas, disse Martha Montalvo, chefe da pol\u00edcia de Houston, em uma coletiva de imprensa.<\/p>\n","protected":false},"author":1,"featured_media":24812,"comment_status":"open","ping_status":"open","sticky":false,"template":"","format":"standard","meta":{"_links_to":"","_links_to_target":""},"categories":[1,10],"tags":[],"views":2142,"_links":{"self":[{"href":"https:\/\/www.brazilianpress.com\/v1\/wp-json\/wp\/v2\/posts\/24811"}],"collection":[{"href":"https:\/\/www.brazilianpress.com\/v1\/wp-json\/wp\/v2\/posts"}],"about":[{"href":"https:\/\/www.brazilianpress.com\/v1\/wp-json\/wp\/v2\/types\/post"}],"author":[{"embeddable":true,"href":"https:\/\/www.brazilianpress.com\/v1\/wp-json\/wp\/v2\/users\/1"}],"replies":[{"embeddable":true,"href":"https:\/\/www.brazilianpress.com\/v1\/wp-json\/wp\/v2\/comments?post=24811"}],"version-history":[{"count":1,"href":"https:\/\/www.brazilianpress.com\/v1\/wp-json\/wp\/v2\/posts\/24811\/revisions"}],"predecessor-version":[{"id":24813,"href":"https:\/\/www.brazilianpress.com\/v1\/wp-json\/wp\/v2\/posts\/24811\/revisions\/24813"}],"wp:featuredmedia":[{"embeddable":true,"href":"https:\/\/www.brazilianpress.com\/v1\/wp-json\/wp\/v2\/media\/24812"}],"wp:attachment":[{"href":"https:\/\/www.brazilianpress.com\/v1\/wp-json\/wp\/v2\/media?parent=24811"}],"wp:term":[{"taxonomy":"category","embeddable":true,"href":"https:\/\/www.brazilianpress.com\/v1\/wp-json\/wp\/v2\/categories?post=24811"},{"taxonomy":"post_tag","embeddable":true,"href":"https:\/\/www.brazilianpress.com\/v1\/wp-json\/wp\/v2\/tags?post=24811"}],"curies":[{"name":"wp","href":"https:\/\/api.w.org\/{rel}","templated":true}]}}