{"id":24820,"date":"2016-09-29T14:34:46","date_gmt":"2016-09-29T18:34:46","guid":{"rendered":"http:\/\/www.brazilianpress.com\/v1\/?p=24820"},"modified":"2016-09-29T14:34:46","modified_gmt":"2016-09-29T18:34:46","slug":"alemanha-manda-facebook-apagar-dados-dos-usuarios-do-whatsapp","status":"publish","type":"post","link":"https:\/\/www.brazilianpress.com\/v1\/2016\/09\/29\/alemanha-manda-facebook-apagar-dados-dos-usuarios-do-whatsapp\/","title":{"rendered":"Alemanha manda Facebook apagar dados dos usu\u00e1rios do WhatsApp"},"content":{"rendered":"<p><img loading=\"lazy\" class=\" size-full wp-image-24821 alignright\" src=\"http:\/\/www.brazilianpress.com\/v1\/wp-content\/uploads\/2016\/09\/alemanha.jpg\" alt=\"alemanha\" width=\"300\" height=\"192\" \/>\u00a0Um \u00f3rg\u00e3o regulador da Alemanha mandou o Facebook parar de coletar e armazenar dados de usu\u00e1rios alem\u00e3es do WhatsApp e emitiu ordem para que a rede social apague todos os dados que j\u00e1 recebeu do aplicativo de mensagens.<!--more--><\/p>\n<p>O Comissariado de Prote\u00e7\u00e3o de Dados e Liberdade de Informa\u00e7\u00e3o de Hamburgo afirmou que o Facebook est\u00e1 infringindo lei de prote\u00e7\u00e3o de dados e que n\u00e3o obteve aprova\u00e7\u00e3o efetiva dos 35 milh\u00f5es de usu\u00e1rios do WhatsApp na Alemanha.<\/p>\n<p>&#8220;Depois da compra do WhatsApp pelo Facebook h\u00e1 dois anos, ambos os lados publicamente asseguraram que os dados n\u00e3o seriam compartilhados entre eles&#8221;, disse o comiss\u00e1rio Johannes Caspar, em comunicado.<\/p>\n<p>&#8220;O fato de que isto esteja acontecendo agora n\u00e3o \u00e9 apenas um sinal de que eles enganaram os usu\u00e1rios e o p\u00fablico, como tamb\u00e9m constitui infra\u00e7\u00e3o \u00e0 lei de prote\u00e7\u00e3o de dados nacional&#8221;, disse Caspar.<\/p>\n<p>O Facebook, que tem escrit\u00f3rios em Hamburgo e por isso est\u00e1 sujeito \u00e0 jurisdi\u00e7\u00e3o de Caspar, afirmou em comunicado que cumpriu com a legisla\u00e7\u00e3o de prote\u00e7\u00e3o de dados da Uni\u00e3o Europeia. A empresa comprou o WhatsApp por 19 bilh\u00f5es de d\u00f3lares.<\/p>\n<p>O \u00f3rg\u00e3o alem\u00e3o afirmou que o Facebook e o WhatsApp s\u00e3o companhias independentes que deveriam processar os dados dos usu\u00e1rios com base em seus pr\u00f3prios termos e condi\u00e7\u00f5es e pol\u00edticas de privacidade.<\/p>\n<p>A decis\u00e3o do comissariado de Hamburgo acontece depois que a UE e autoridades dos Estados Unidos afirmaram que v\u00e3o avaliar as mudan\u00e7as nas defini\u00e7\u00f5es de privacidade divulgadas pelo WhatsApp em agosto.<\/p>\n","protected":false},"excerpt":{"rendered":"<p>\u00a0Um \u00f3rg\u00e3o regulador da Alemanha mandou o Facebook parar de coletar e armazenar dados de usu\u00e1rios alem\u00e3es do WhatsApp e emitiu ordem para que a rede social apague todos os dados que j\u00e1 recebeu do aplicativo de mensagens.<\/p>\n","protected":false},"author":1,"featured_media":24821,"comment_status":"open","ping_status":"open","sticky":false,"template":"","format":"standard","meta":{"_links_to":"","_links_to_target":""},"categories":[8,1],"tags":[],"views":2441,"_links":{"self":[{"href":"https:\/\/www.brazilianpress.com\/v1\/wp-json\/wp\/v2\/posts\/24820"}],"collection":[{"href":"https:\/\/www.brazilianpress.com\/v1\/wp-json\/wp\/v2\/posts"}],"about":[{"href":"https:\/\/www.brazilianpress.com\/v1\/wp-json\/wp\/v2\/types\/post"}],"author":[{"embeddable":true,"href":"https:\/\/www.brazilianpress.com\/v1\/wp-json\/wp\/v2\/users\/1"}],"replies":[{"embeddable":true,"href":"https:\/\/www.brazilianpress.com\/v1\/wp-json\/wp\/v2\/comments?post=24820"}],"version-history":[{"count":1,"href":"https:\/\/www.brazilianpress.com\/v1\/wp-json\/wp\/v2\/posts\/24820\/revisions"}],"predecessor-version":[{"id":24822,"href":"https:\/\/www.brazilianpress.com\/v1\/wp-json\/wp\/v2\/posts\/24820\/revisions\/24822"}],"wp:featuredmedia":[{"embeddable":true,"href":"https:\/\/www.brazilianpress.com\/v1\/wp-json\/wp\/v2\/media\/24821"}],"wp:attachment":[{"href":"https:\/\/www.brazilianpress.com\/v1\/wp-json\/wp\/v2\/media?parent=24820"}],"wp:term":[{"taxonomy":"category","embeddable":true,"href":"https:\/\/www.brazilianpress.com\/v1\/wp-json\/wp\/v2\/categories?post=24820"},{"taxonomy":"post_tag","embeddable":true,"href":"https:\/\/www.brazilianpress.com\/v1\/wp-json\/wp\/v2\/tags?post=24820"}],"curies":[{"name":"wp","href":"https:\/\/api.w.org\/{rel}","templated":true}]}}