{"id":24829,"date":"2016-09-29T15:00:10","date_gmt":"2016-09-29T19:00:10","guid":{"rendered":"http:\/\/www.brazilianpress.com\/v1\/?p=24829"},"modified":"2016-09-29T15:00:10","modified_gmt":"2016-09-29T19:00:10","slug":"pastor-candidato-a-prefeito-de-salvador-se-diz-ex-gay","status":"publish","type":"post","link":"https:\/\/www.brazilianpress.com\/v1\/2016\/09\/29\/pastor-candidato-a-prefeito-de-salvador-se-diz-ex-gay\/","title":{"rendered":"Pastor candidato a prefeito de Salvador se diz &#8216;ex-gay&#8217;"},"content":{"rendered":"<p><img loading=\"lazy\" class=\"alignnone size-full wp-image-24830\" src=\"http:\/\/www.brazilianpress.com\/v1\/wp-content\/uploads\/2016\/09\/pastor-ex-gay.jpg\" alt=\"pastor-ex-gay\" width=\"500\" height=\"265\" srcset=\"https:\/\/www.brazilianpress.com\/v1\/wp-content\/uploads\/2016\/09\/pastor-ex-gay.jpg 500w, https:\/\/www.brazilianpress.com\/v1\/wp-content\/uploads\/2016\/09\/pastor-ex-gay-300x159.jpg 300w\" sizes=\"(max-width: 500px) 100vw, 500px\" \/><\/p>\n<p>O candidato a prefeito de Salvador (BA) Pastor Sargento Isidorio (PDT), terceiro colocado nas pesquisas de inten\u00e7\u00e3o de voto, se intitula \u201cex-gay\u201d e diz que Deus mudou a vida dele, pois antes era um \u201cdem\u00f4nio\u201d.<\/p>\n<p>Isidorio \u00e9 deputado estadual h\u00e1 tr\u00eas mandatos e foi o segundo mais votado na Bahia em 2014. Apesar de afirmar ser \u201cex-gay\u201d, o candidato afirma n\u00e3o ter preconceito contra homossexuais.\u00a0<!--more--><\/p>\n<p>\u201cEu estava gay, sim. J\u00e1 queimei rodinha e rosquinha, queimei tudo, mas o que interessa \u00e9 que Jesus mudou a minha vida (\u2026) Agora eu sou pastor, mas eu era um dem\u00f4nio\u201d, afirmou o deputado ao jornal\u00a0O Globo.<\/p>\n<p>O candidato tamb\u00e9m j\u00e1 foi professor de dan\u00e7a folcl\u00f3rica e sargento da Pol\u00edcia Militar baiana. Segundo ele, sua \u201cfase\u201d gay se deve a um abuso sexual sofrido quando era crian\u00e7a e ao v\u00edcio em drogas.<\/p>\n<p>Tanto o uso de entorpecentes quanto a homossexualidade deixaram de ser \u201cpr\u00e1tica\u201d do candidato h\u00e1 23 anos, segundo ele mesmo.<\/p>\n<p>Isidorio afirmou n\u00e3o ter preconceito contra gays. \u201cNenhum preconceito. Moro no meio de v\u00e1rios meninos alegres e entre meninas que gostam de botar aranha com aranha. Sem homofobia, sem viol\u00eancia, porque a Constitui\u00e7\u00e3o garante direito a todo mundo\u201d.<\/p>\n<p>Com 54 anos, o deputado mora com a mulher e sete filhos numa cl\u00ednica para dependentes qu\u00edmicos. Ele participa de um trabalho social para livrar dependentes do v\u00edcio de crack e coca\u00edna.<\/p>\n","protected":false},"excerpt":{"rendered":"<p>O candidato a prefeito de Salvador (BA) Pastor Sargento Isidorio (PDT), terceiro colocado nas pesquisas de inten\u00e7\u00e3o de voto, se intitula \u201cex-gay\u201d e diz que Deus mudou a vida dele, pois antes era um \u201cdem\u00f4nio\u201d. Isidorio \u00e9 deputado estadual h\u00e1 tr\u00eas mandatos e foi o segundo mais votado na Bahia em 2014. Apesar de afirmar ser \u201cex-gay\u201d, o candidato afirma n\u00e3o ter preconceito contra homossexuais.\u00a0<\/p>\n","protected":false},"author":1,"featured_media":24830,"comment_status":"open","ping_status":"open","sticky":false,"template":"","format":"standard","meta":{"_links_to":"","_links_to_target":""},"categories":[7,1],"tags":[],"views":2017,"_links":{"self":[{"href":"https:\/\/www.brazilianpress.com\/v1\/wp-json\/wp\/v2\/posts\/24829"}],"collection":[{"href":"https:\/\/www.brazilianpress.com\/v1\/wp-json\/wp\/v2\/posts"}],"about":[{"href":"https:\/\/www.brazilianpress.com\/v1\/wp-json\/wp\/v2\/types\/post"}],"author":[{"embeddable":true,"href":"https:\/\/www.brazilianpress.com\/v1\/wp-json\/wp\/v2\/users\/1"}],"replies":[{"embeddable":true,"href":"https:\/\/www.brazilianpress.com\/v1\/wp-json\/wp\/v2\/comments?post=24829"}],"version-history":[{"count":1,"href":"https:\/\/www.brazilianpress.com\/v1\/wp-json\/wp\/v2\/posts\/24829\/revisions"}],"predecessor-version":[{"id":24831,"href":"https:\/\/www.brazilianpress.com\/v1\/wp-json\/wp\/v2\/posts\/24829\/revisions\/24831"}],"wp:featuredmedia":[{"embeddable":true,"href":"https:\/\/www.brazilianpress.com\/v1\/wp-json\/wp\/v2\/media\/24830"}],"wp:attachment":[{"href":"https:\/\/www.brazilianpress.com\/v1\/wp-json\/wp\/v2\/media?parent=24829"}],"wp:term":[{"taxonomy":"category","embeddable":true,"href":"https:\/\/www.brazilianpress.com\/v1\/wp-json\/wp\/v2\/categories?post=24829"},{"taxonomy":"post_tag","embeddable":true,"href":"https:\/\/www.brazilianpress.com\/v1\/wp-json\/wp\/v2\/tags?post=24829"}],"curies":[{"name":"wp","href":"https:\/\/api.w.org\/{rel}","templated":true}]}}