{"id":24832,"date":"2016-09-29T15:02:09","date_gmt":"2016-09-29T19:02:09","guid":{"rendered":"http:\/\/www.brazilianpress.com\/v1\/?p=24832"},"modified":"2016-09-29T15:02:09","modified_gmt":"2016-09-29T19:02:09","slug":"lula-chama-procuradores-de-criancas-e-insinua-possivel-candidatura","status":"publish","type":"post","link":"https:\/\/www.brazilianpress.com\/v1\/2016\/09\/29\/lula-chama-procuradores-de-criancas-e-insinua-possivel-candidatura\/","title":{"rendered":"Lula chama procuradores de &#8220;crian\u00e7as&#8221; e insinua poss\u00edvel candidatura"},"content":{"rendered":"<p><img loading=\"lazy\" class=\"alignnone size-full wp-image-24833\" src=\"http:\/\/www.brazilianpress.com\/v1\/wp-content\/uploads\/2016\/09\/lula2.jpg\" alt=\"lula\" width=\"500\" height=\"334\" srcset=\"https:\/\/www.brazilianpress.com\/v1\/wp-content\/uploads\/2016\/09\/lula2.jpg 500w, https:\/\/www.brazilianpress.com\/v1\/wp-content\/uploads\/2016\/09\/lula2-300x200.jpg 300w\" sizes=\"(max-width: 500px) 100vw, 500px\" \/><\/p>\n<p>O ex-presidente Luiz In\u00e1cio Lula da Silva chamou na segunda-feira de &#8220;crian\u00e7as&#8221; os procuradores que o acusam de corrup\u00e7\u00e3o e lavagem de dinheiro e disse que estas acusa\u00e7\u00f5es se tornaram em suas principais &#8220;cabos eleitorais&#8221; para uma poss\u00edvel candidatura nas elei\u00e7\u00f5es presidenciais de 2018.<!--more--><\/p>\n<p>&#8220;Se eles pensavam que me perseguindo ou perseguindo o PT evitariam que seja candidato em 2018&#8230; eu n\u00e3o era candidato, mas se transformaram em meus principais cabos eleitorais&#8221;, disse Lula, em um com\u00edcio de apoio a Jandira Feghali, candidata do PCdoB \u00e0 prefeitura do Rio de Janeiro.<\/p>\n<p>Na semana passada, o juiz federal Sergio Moro aceitou a den\u00fancia formal apresentada pelo Minist\u00e9rio P\u00fablico Federal contra Lula, acusado de ter recebido favores de uma das empresas que se beneficiaram pelos desvios na Petrobras.<\/p>\n<p>De acordo com a acusa\u00e7\u00e3o, em troca de ser favorecido com contratos de obras em refinarias da Petrobras, a construtora OAS, condenada pelos desvios na estatal, aceitou reformar e mobiliar um triplex no Guaruj\u00e1 (S\u00e3o Paulo), em que Lula s\u00f3 pagou uma parcela inicial, al\u00e9m de pagar por cinco anos, o dep\u00f3sito alugado pelo ex-presidente para guardar os presentes que recebeu durante seu mandato.<\/p>\n<p>&#8220;Sou um cidad\u00e3o indignado porque n\u00e3o posso aceitar as ofensas de uma crian\u00e7a que diz que eu montei uma quadrilha para governar o pa\u00eds&#8221;, afirmou Lula, alegando que as acusa\u00e7\u00f5es do procurador Deltan Dallagnol, que chegou a classific\u00e1-lo como &#8220;comandante m\u00e1ximo&#8221; da rede de corrup\u00e7\u00e3o em Petrobras, correspondem a interesses pol\u00edticos.<\/p>\n<p>Nessa mesma linha, Jandira, que tem o apoio do PT na disputa da prefeitura do Rio, e que chegou a rotular de &#8220;rid\u00edculo&#8221; o promotor por acusar o ex-presidente com base em uma &#8220;convic\u00e7\u00e3o&#8221; apesar da falta de provas, disse: &#8220;O que na realidade querem \u00e9 aniquilar a imagem da esquerda diante da sociedade brasileira&#8221;, denunciou a deputada, em seu discurso de campanha para as elei\u00e7\u00f5es municipais, acontecer\u00e3o no pr\u00f3ximo domingo.<\/p>\n","protected":false},"excerpt":{"rendered":"<p>O ex-presidente Luiz In\u00e1cio Lula da Silva chamou na segunda-feira de &#8220;crian\u00e7as&#8221; os procuradores que o acusam de corrup\u00e7\u00e3o e lavagem de dinheiro e disse que estas acusa\u00e7\u00f5es se tornaram em suas principais &#8220;cabos eleitorais&#8221; para uma poss\u00edvel candidatura nas elei\u00e7\u00f5es presidenciais de 2018.<\/p>\n","protected":false},"author":1,"featured_media":24833,"comment_status":"open","ping_status":"open","sticky":false,"template":"","format":"standard","meta":{"_links_to":"","_links_to_target":""},"categories":[7,1],"tags":[],"views":1807,"_links":{"self":[{"href":"https:\/\/www.brazilianpress.com\/v1\/wp-json\/wp\/v2\/posts\/24832"}],"collection":[{"href":"https:\/\/www.brazilianpress.com\/v1\/wp-json\/wp\/v2\/posts"}],"about":[{"href":"https:\/\/www.brazilianpress.com\/v1\/wp-json\/wp\/v2\/types\/post"}],"author":[{"embeddable":true,"href":"https:\/\/www.brazilianpress.com\/v1\/wp-json\/wp\/v2\/users\/1"}],"replies":[{"embeddable":true,"href":"https:\/\/www.brazilianpress.com\/v1\/wp-json\/wp\/v2\/comments?post=24832"}],"version-history":[{"count":1,"href":"https:\/\/www.brazilianpress.com\/v1\/wp-json\/wp\/v2\/posts\/24832\/revisions"}],"predecessor-version":[{"id":24834,"href":"https:\/\/www.brazilianpress.com\/v1\/wp-json\/wp\/v2\/posts\/24832\/revisions\/24834"}],"wp:featuredmedia":[{"embeddable":true,"href":"https:\/\/www.brazilianpress.com\/v1\/wp-json\/wp\/v2\/media\/24833"}],"wp:attachment":[{"href":"https:\/\/www.brazilianpress.com\/v1\/wp-json\/wp\/v2\/media?parent=24832"}],"wp:term":[{"taxonomy":"category","embeddable":true,"href":"https:\/\/www.brazilianpress.com\/v1\/wp-json\/wp\/v2\/categories?post=24832"},{"taxonomy":"post_tag","embeddable":true,"href":"https:\/\/www.brazilianpress.com\/v1\/wp-json\/wp\/v2\/tags?post=24832"}],"curies":[{"name":"wp","href":"https:\/\/api.w.org\/{rel}","templated":true}]}}