{"id":24836,"date":"2016-09-29T16:46:37","date_gmt":"2016-09-29T20:46:37","guid":{"rendered":"http:\/\/www.brazilianpress.com\/v1\/?p=24836"},"modified":"2016-09-29T16:46:37","modified_gmt":"2016-09-29T20:46:37","slug":"veja-porque-voce-deve-se-livrar-da-sua-esponja-de-esfoliacao-imediatamente","status":"publish","type":"post","link":"https:\/\/www.brazilianpress.com\/v1\/2016\/09\/29\/veja-porque-voce-deve-se-livrar-da-sua-esponja-de-esfoliacao-imediatamente\/","title":{"rendered":"Veja porque voc\u00ea deve se livrar da sua esponja de esfolia\u00e7\u00e3o imediatamente"},"content":{"rendered":"<p><img loading=\"lazy\" class=\"alignright size-medium wp-image-24837\" src=\"http:\/\/www.brazilianpress.com\/v1\/wp-content\/uploads\/2016\/09\/esponja-300x300.jpg\" alt=\"esponja\" width=\"300\" height=\"300\" srcset=\"https:\/\/www.brazilianpress.com\/v1\/wp-content\/uploads\/2016\/09\/esponja-300x300.jpg 300w, https:\/\/www.brazilianpress.com\/v1\/wp-content\/uploads\/2016\/09\/esponja-150x150.jpg 150w, https:\/\/www.brazilianpress.com\/v1\/wp-content\/uploads\/2016\/09\/esponja.jpg 500w\" sizes=\"(max-width: 300px) 100vw, 300px\" \/>Junto com o shampoo, sabonete e cremes hidratantes, muitas pessoas usam uma esponja especial para esfolia\u00e7\u00e3o.\u00a0A pr\u00e1tica, que produz grandes benef\u00edcios em nossa pele e que consiste em remover c\u00e9lulas mortas, estimula o crescimento de tecido, previne a aspereza e garante uma melhor hidrata\u00e7\u00e3o.<!--more--><\/p>\n<p>Mas a esponja, aparentemente inocente, esconde um segredo desagrad\u00e1vel.\u00a0De acordo com o dermatologista J. Matthew Knight, do\u00a0Knight Dermatology Institute of New York, as c\u00e9lulas mortas eliminadas tendem a n\u00e3o ir embora pelo ralo. \u201cEssas c\u00e9lulas ficam presas na esponja, que, juntamente com a umidade e o calor que reinam no ambiente do banheiro, criam um ambiente quase perfeito para uma multid\u00e3o de bact\u00e9rias\u201d, explica o m\u00e9dico para o\u00a0New York Post.<\/p>\n<p>Ou seja, aquela esponja macia e colorida \u00e9 na verdade uma incubadora para milh\u00f5es de microrganismos.\u00a0De acordo com Knight, o crescimento dessas bact\u00e9rias pode ocorrer em algumas poucas horas ap\u00f3s o uso do objeto.<\/p>\n<p>Knight adverte que o certo \u00e9 descartar a esponja ap\u00f3s o uso.\u00a0As bact\u00e9rias que se acumulam nela podem causar enormes danos a uma pele sens\u00edvel, chegando at\u00e9 mesmo a provocar pequenas feridas. No melhor dos casos, segundo ele, ocorrer\u00e1 vermelhid\u00e3o. Na pior, uma infec\u00e7\u00e3o de pele que pode sangrar.<\/p>\n<p>Knight desencoraja o uso da esponja, mas recomenda que, caso uma pessoa deseje us\u00e1-la, deve lavar e secar o objeto imediatamente ap\u00f3s a utiliza\u00e7\u00e3o, colocando-a no varal. O especialista diz tamb\u00e9m que nenhuma esponja desse tipo deve ser usada por mais de tr\u00eas meses. Passado esse tempo, ela deve ir para o lixo.<\/p>\n","protected":false},"excerpt":{"rendered":"<p>Junto com o shampoo, sabonete e cremes hidratantes, muitas pessoas usam uma esponja especial para esfolia\u00e7\u00e3o.\u00a0A pr\u00e1tica, que produz grandes benef\u00edcios em nossa pele e que consiste em remover c\u00e9lulas mortas, estimula o crescimento de tecido, previne a aspereza e garante uma melhor hidrata\u00e7\u00e3o.<\/p>\n","protected":false},"author":1,"featured_media":24837,"comment_status":"open","ping_status":"open","sticky":false,"template":"","format":"standard","meta":{"_links_to":"","_links_to_target":""},"categories":[4,1],"tags":[],"views":1904,"_links":{"self":[{"href":"https:\/\/www.brazilianpress.com\/v1\/wp-json\/wp\/v2\/posts\/24836"}],"collection":[{"href":"https:\/\/www.brazilianpress.com\/v1\/wp-json\/wp\/v2\/posts"}],"about":[{"href":"https:\/\/www.brazilianpress.com\/v1\/wp-json\/wp\/v2\/types\/post"}],"author":[{"embeddable":true,"href":"https:\/\/www.brazilianpress.com\/v1\/wp-json\/wp\/v2\/users\/1"}],"replies":[{"embeddable":true,"href":"https:\/\/www.brazilianpress.com\/v1\/wp-json\/wp\/v2\/comments?post=24836"}],"version-history":[{"count":1,"href":"https:\/\/www.brazilianpress.com\/v1\/wp-json\/wp\/v2\/posts\/24836\/revisions"}],"predecessor-version":[{"id":24838,"href":"https:\/\/www.brazilianpress.com\/v1\/wp-json\/wp\/v2\/posts\/24836\/revisions\/24838"}],"wp:featuredmedia":[{"embeddable":true,"href":"https:\/\/www.brazilianpress.com\/v1\/wp-json\/wp\/v2\/media\/24837"}],"wp:attachment":[{"href":"https:\/\/www.brazilianpress.com\/v1\/wp-json\/wp\/v2\/media?parent=24836"}],"wp:term":[{"taxonomy":"category","embeddable":true,"href":"https:\/\/www.brazilianpress.com\/v1\/wp-json\/wp\/v2\/categories?post=24836"},{"taxonomy":"post_tag","embeddable":true,"href":"https:\/\/www.brazilianpress.com\/v1\/wp-json\/wp\/v2\/tags?post=24836"}],"curies":[{"name":"wp","href":"https:\/\/api.w.org\/{rel}","templated":true}]}}