{"id":2484,"date":"2013-08-22T09:09:26","date_gmt":"2013-08-22T13:09:26","guid":{"rendered":"http:\/\/www.brazilianpress.com\/v1\/?p=2484"},"modified":"2013-08-22T09:09:26","modified_gmt":"2013-08-22T13:09:26","slug":"na-expectativa-da-estreia-no-cruzeiro-baptista-pensa-em-volta-a-selecao","status":"publish","type":"post","link":"https:\/\/www.brazilianpress.com\/v1\/2013\/08\/22\/na-expectativa-da-estreia-no-cruzeiro-baptista-pensa-em-volta-a-selecao\/","title":{"rendered":"Na expectativa da estreia no Cruzeiro, Baptista pensa em volta \u00e0 sele\u00e7\u00e3o"},"content":{"rendered":"<p>Perto de fazer sua estreia com a camisa do Cruzeiro, o meia-atacante J\u00falio Baptista, que ficar\u00e1 no banco na partida contra o Flamengo, na quarta-feira, \u00e0s 21h50, no Mineir\u00e3o, pela Copa do Brasil, se diz motivado e j\u00e1 pensa em uma oportunidade na sele\u00e7\u00e3o brasileira. De acordo com o t\u00e9cnico Marcelo Oliveira, h\u00e1 grandes chances de o refor\u00e7o cruzeirense entrar em campo no segundo tempo.<\/p>\n<p><img loading=\"lazy\" class=\"alignnone size-full wp-image-2481\" alt=\"julio batista\" src=\"http:\/\/www.brazilianpress.com\/v1\/wp-content\/uploads\/2013\/08\/julio-batista.jpg\" width=\"500\" height=\"300\" srcset=\"https:\/\/www.brazilianpress.com\/v1\/wp-content\/uploads\/2013\/08\/julio-batista.jpg 500w, https:\/\/www.brazilianpress.com\/v1\/wp-content\/uploads\/2013\/08\/julio-batista-300x180.jpg 300w\" sizes=\"(max-width: 500px) 100vw, 500px\" \/><\/p>\n<p>Com 58 jogos pela sele\u00e7\u00e3o brasileira e com os t\u00edtulos da Copa Am\u00e9rica, em 2004 e 2007, e da Copa das Confedera\u00e7\u00f5es, em 2005 e 2009, no curr\u00edculo, o jogador acredita que pode pleitear uma vaga no grupo que vai disputar o mundial de 2014, no Brasil, j\u00e1 que o t\u00e9cnico Luiz Felipe Scolari parece n\u00e3o ter definido um substituto para Oscar.<\/p>\n<p><!--more-->&#8220;\u00c9 o que eu falo sempre, vai depender do que o meu time fa\u00e7a aqui, isso vai ser importante, mas tamb\u00e9m de como eu esteja. Se eu conseguir estar em um n\u00edvel alto, porque n\u00e3o? Acho que tudo \u00e9 valido e a oportunidade vem para todos. O Felip\u00e3o est\u00e1 dando oportunidade para todos e a oportunidade pode aparecer at\u00e9 para quem n\u00e3o espera&#8221;, disse J\u00falio Baptista.<\/p>\n<p>Mas para que isso realmente aconte\u00e7a e o jogador possa repetir as boas atua\u00e7\u00f5es que teve no futebol europeu no clube celeste, primeiro \u00e9 necess\u00e1rio que a equipe mantenha a boa sequ\u00eancia de partidas e siga firme na disputa pelos t\u00edtulos do Campeonato Brasileiro e da Copa do Brasil.<\/p>\n<p>&#8220;O mais importante \u00e9 o coletivo, as individualidades saem porque o jogador brasileiro tem qualidade, mas quando jogam em prol do time tenho certeza que a qualidade minha e de outros jogadores v\u00e3o aparecer&#8221;, ressaltou o meio-campista.<\/p>\n<p>Dessa forma, J\u00falio Baptista s\u00f3 precisa mesmo adquirir ritmo de jogo como disse o lateral Eg\u00eddio, que j\u00e1 deu um apelido para o novo companheiro. &#8220;Ele \u00e9 muito forte, \u00e9 o tanque que vai ajudar a gente a\u00ed&#8221;, revelou.<\/p>\n<p>&#8220;Eu estava at\u00e9 conversando com o preparador f\u00edsico ele falou que est\u00e1 legal, vai para o jogo. E ele vai readquirir o condicionamento f\u00edsico mesmo s\u00f3 jogando. Ent\u00e3o, \u00e9 deixar para a prepara\u00e7\u00e3o f\u00edsica resolver que daqui a pouco ele vai estar com a gente&#8221;, acrescentou o lateral esquerdo.<\/p>\n<p>J\u00falio Baptista teve suas primeiras oportunidades na sele\u00e7\u00e3o brasileira com Carlos Alberto Parreira, mas foi com Dunga que se firmou com a camisa canarinho e, inclusive, fez parte do grupo que foi para a Copa do Mundo de 2010, na \u00c1frica do Sul. No entanto, ele perdeu espa\u00e7o com a troca de comando e a chegada de Mano Menezes, que promoveu reformula\u00e7\u00e3o do elenco.<\/p>\n","protected":false},"excerpt":{"rendered":"<p>Perto de fazer sua estreia com a camisa do Cruzeiro, o meia-atacante J\u00falio Baptista, que ficar\u00e1 no banco na partida contra o Flamengo, na quarta-feira, \u00e0s 21h50, no Mineir\u00e3o, pela Copa do Brasil, se diz motivado e j\u00e1 pensa em uma oportunidade na sele\u00e7\u00e3o brasileira. De acordo com o t\u00e9cnico Marcelo Oliveira, h\u00e1 grandes chances de o refor\u00e7o cruzeirense entrar em campo no segundo tempo. Com 58 jogos pela sele\u00e7\u00e3o brasileira e com os t\u00edtulos da Copa Am\u00e9rica, em 2004 e 2007, e da Copa das Confedera\u00e7\u00f5es, em 2005 e 2009, no curr\u00edculo, o jogador acredita que pode pleitear uma [&hellip;]<\/p>\n","protected":false},"author":1,"featured_media":2481,"comment_status":"open","ping_status":"open","sticky":false,"template":"","format":"standard","meta":{"_links_to":"","_links_to_target":""},"categories":[9,1],"tags":[],"views":2799,"_links":{"self":[{"href":"https:\/\/www.brazilianpress.com\/v1\/wp-json\/wp\/v2\/posts\/2484"}],"collection":[{"href":"https:\/\/www.brazilianpress.com\/v1\/wp-json\/wp\/v2\/posts"}],"about":[{"href":"https:\/\/www.brazilianpress.com\/v1\/wp-json\/wp\/v2\/types\/post"}],"author":[{"embeddable":true,"href":"https:\/\/www.brazilianpress.com\/v1\/wp-json\/wp\/v2\/users\/1"}],"replies":[{"embeddable":true,"href":"https:\/\/www.brazilianpress.com\/v1\/wp-json\/wp\/v2\/comments?post=2484"}],"version-history":[{"count":1,"href":"https:\/\/www.brazilianpress.com\/v1\/wp-json\/wp\/v2\/posts\/2484\/revisions"}],"predecessor-version":[{"id":2485,"href":"https:\/\/www.brazilianpress.com\/v1\/wp-json\/wp\/v2\/posts\/2484\/revisions\/2485"}],"wp:featuredmedia":[{"embeddable":true,"href":"https:\/\/www.brazilianpress.com\/v1\/wp-json\/wp\/v2\/media\/2481"}],"wp:attachment":[{"href":"https:\/\/www.brazilianpress.com\/v1\/wp-json\/wp\/v2\/media?parent=2484"}],"wp:term":[{"taxonomy":"category","embeddable":true,"href":"https:\/\/www.brazilianpress.com\/v1\/wp-json\/wp\/v2\/categories?post=2484"},{"taxonomy":"post_tag","embeddable":true,"href":"https:\/\/www.brazilianpress.com\/v1\/wp-json\/wp\/v2\/tags?post=2484"}],"curies":[{"name":"wp","href":"https:\/\/api.w.org\/{rel}","templated":true}]}}