{"id":24855,"date":"2016-09-29T17:00:47","date_gmt":"2016-09-29T21:00:47","guid":{"rendered":"http:\/\/www.brazilianpress.com\/v1\/?p=24855"},"modified":"2016-09-29T17:00:47","modified_gmt":"2016-09-29T21:00:47","slug":"essex-county-contabilizou-o-numero-de-homicidios-da-regiao-de-janeiro-a-julho-de-2016","status":"publish","type":"post","link":"https:\/\/www.brazilianpress.com\/v1\/2016\/09\/29\/essex-county-contabilizou-o-numero-de-homicidios-da-regiao-de-janeiro-a-julho-de-2016\/","title":{"rendered":"Essex County contabilizou o n\u00famero de homic\u00eddios da regi\u00e3o de janeiro a julho de 2016"},"content":{"rendered":"<p><img loading=\"lazy\" class=\"alignnone size-full wp-image-24856\" src=\"http:\/\/www.brazilianpress.com\/v1\/wp-content\/uploads\/2016\/09\/homicidios.jpg\" alt=\"homicidios\" width=\"500\" height=\"271\" srcset=\"https:\/\/www.brazilianpress.com\/v1\/wp-content\/uploads\/2016\/09\/homicidios.jpg 500w, https:\/\/www.brazilianpress.com\/v1\/wp-content\/uploads\/2016\/09\/homicidios-300x163.jpg 300w\" sizes=\"(max-width: 500px) 100vw, 500px\" \/><\/p>\n<p>LIVINGSTON: dois homic\u00eddios, sendo um em mar\u00e7o, e outra pessoa em maio.<\/p>\n<p>IRVINGTON: Em maio, houve um (1) v\u00edtima do sexo masculino que morreu baleado.<!--more--><\/p>\n<p>EAST ORANGE: Um total de cerca de oito ocorr\u00eancias de tiros ao redor da cidade matou quatro pessoas, sendo que uma quinta pessoa morreu por asfixia.<\/p>\n<p>ORANGE: Um total de cerca de nove casos de tiroteios, mataram quatro pessoas ao redor da cidade.<\/p>\n<p>NEWARK: Cinquenta e nove investiga\u00e7\u00f5es de homic\u00eddio, al\u00e9m de nove homic\u00eddios ocorridos em agosto, perfazendo um total de 68 incidentes.<\/p>\n<p>Se somarmos todos os casos s\u00f3 dessas localidades teremos um total de 79 casos de homic\u00eddios somente at\u00e9 in\u00edcio do m\u00eas de agosto.<\/p>\n","protected":false},"excerpt":{"rendered":"<p>LIVINGSTON: dois homic\u00eddios, sendo um em mar\u00e7o, e outra pessoa em maio. IRVINGTON: Em maio, houve um (1) v\u00edtima do sexo masculino que morreu baleado.<\/p>\n","protected":false},"author":1,"featured_media":24856,"comment_status":"open","ping_status":"open","sticky":false,"template":"","format":"standard","meta":{"_links_to":"","_links_to_target":""},"categories":[4,1],"tags":[],"views":1885,"_links":{"self":[{"href":"https:\/\/www.brazilianpress.com\/v1\/wp-json\/wp\/v2\/posts\/24855"}],"collection":[{"href":"https:\/\/www.brazilianpress.com\/v1\/wp-json\/wp\/v2\/posts"}],"about":[{"href":"https:\/\/www.brazilianpress.com\/v1\/wp-json\/wp\/v2\/types\/post"}],"author":[{"embeddable":true,"href":"https:\/\/www.brazilianpress.com\/v1\/wp-json\/wp\/v2\/users\/1"}],"replies":[{"embeddable":true,"href":"https:\/\/www.brazilianpress.com\/v1\/wp-json\/wp\/v2\/comments?post=24855"}],"version-history":[{"count":1,"href":"https:\/\/www.brazilianpress.com\/v1\/wp-json\/wp\/v2\/posts\/24855\/revisions"}],"predecessor-version":[{"id":24857,"href":"https:\/\/www.brazilianpress.com\/v1\/wp-json\/wp\/v2\/posts\/24855\/revisions\/24857"}],"wp:featuredmedia":[{"embeddable":true,"href":"https:\/\/www.brazilianpress.com\/v1\/wp-json\/wp\/v2\/media\/24856"}],"wp:attachment":[{"href":"https:\/\/www.brazilianpress.com\/v1\/wp-json\/wp\/v2\/media?parent=24855"}],"wp:term":[{"taxonomy":"category","embeddable":true,"href":"https:\/\/www.brazilianpress.com\/v1\/wp-json\/wp\/v2\/categories?post=24855"},{"taxonomy":"post_tag","embeddable":true,"href":"https:\/\/www.brazilianpress.com\/v1\/wp-json\/wp\/v2\/tags?post=24855"}],"curies":[{"name":"wp","href":"https:\/\/api.w.org\/{rel}","templated":true}]}}