{"id":2486,"date":"2013-08-22T09:10:52","date_gmt":"2013-08-22T13:10:52","guid":{"rendered":"http:\/\/www.brazilianpress.com\/v1\/?p=2486"},"modified":"2013-08-22T09:32:07","modified_gmt":"2013-08-22T13:32:07","slug":"apos-punicao-e-desabafo-fred-sera-julgado-novamente-no-stjd-nesta-sexta","status":"publish","type":"post","link":"https:\/\/www.brazilianpress.com\/v1\/2013\/08\/22\/apos-punicao-e-desabafo-fred-sera-julgado-novamente-no-stjd-nesta-sexta\/","title":{"rendered":"Ap\u00f3s puni\u00e7\u00e3o e desabafo, Fred ser\u00e1 julgado novamente no STJD nesta sexta"},"content":{"rendered":"<p>O atacante Fred, do Fluminense, voltar\u00e1 ao banco dos r\u00e9us do STJD (Supremo Tribunal de Justi\u00e7a Desportiva) na pr\u00f3xima sexta-feira, \u00e0s 12h, por lance com o zagueiro Jomar no cl\u00e1ssico contra o Vasco. A Procuradoria da entidade considerou que o capit\u00e3o tricolor acertou o rosto do advers\u00e1rio propositalmente e aplicou uma puni\u00e7\u00e3o de quatro partidas no primeiro julgamento. Desde ent\u00e3o, o camisa 9 est\u00e1 atuando pela equipe carioca gra\u00e7as a um efeito suspensivo.<\/p>\n<p><img loading=\"lazy\" class=\"alignnone size-full wp-image-2480\" alt=\"fred jogador\" src=\"http:\/\/www.brazilianpress.com\/v1\/wp-content\/uploads\/2013\/08\/fred-jogador.jpg\" width=\"500\" height=\"300\" srcset=\"https:\/\/www.brazilianpress.com\/v1\/wp-content\/uploads\/2013\/08\/fred-jogador.jpg 500w, https:\/\/www.brazilianpress.com\/v1\/wp-content\/uploads\/2013\/08\/fred-jogador-300x180.jpg 300w\" sizes=\"(max-width: 500px) 100vw, 500px\" \/><\/p>\n<p>O julgamento desta sexta-feira ser\u00e1 no Pleno do STJD e o atacante pode pegar um gancho de at\u00e9 12 partidas. A estrat\u00e9gia do Fluminense \u00e9 de tentar a absolvi\u00e7\u00e3o do jogador, que ficou chateado com a pena inicial e chegou a dizer que poderia deixar o Brasil. Horas depois, Fred se arrependeu da declara\u00e7\u00e3o e declarou que deseja encerrar a carreira na equipe das Laranjeiras.<\/p>\n<p><!--more-->&#8220;A decis\u00e3o n\u00e3o foi un\u00e2nime e entendemos que o Fred n\u00e3o \u00e9 um jogador com hist\u00f3rico violento. Vamos tentar a absolvi\u00e7\u00e3o no julgamento ou\u00a0que a pena de uma partida, voto do relator do caso, seja confirmado&#8221;, disse M\u00e1rio Bittencourt, advogado do Fluminense. Como j\u00e1 cumpriu uma partida de suspens\u00e3o autom\u00e1tica, Fred estaria liberado para atuar se recebesse um jogo de puni\u00e7\u00e3o.<\/p>\n<p>Em jogada aos 25min do primeiro tempo do cl\u00e1ssico entre Vasco e Fluminense, Fred acertou o rosto de Jomar com o antebra\u00e7o. O \u00e1rbitro Marcelo de Lima Henrique flagrou a agress\u00e3o e deu cart\u00e3o vermelho de forma direta. Ap\u00f3s a partida, o capit\u00e3o usou as redes sociais para se desculpar pela expuls\u00e3o..<\/p>\n<p>Antes da expuls\u00e3o, o defensor vasca\u00edno havia acertado Fred no rosto, mas s\u00f3 foi denunciado pelas imagens da televis\u00e3o. Ele tamb\u00e9m ser\u00e1 julgado novamente, ap\u00f3s advert\u00eancia em primeira inst\u00e2ncia. Al\u00e9m deles, o zagueiro Dig\u00e3o, que tamb\u00e9m foi expulso naquela partida e acabou sendo absolvido anteriormente, ir\u00e1 novamente para o banco dos r\u00e9us no STJD.<\/p>\n","protected":false},"excerpt":{"rendered":"<p>O atacante Fred, do Fluminense, voltar\u00e1 ao banco dos r\u00e9us do STJD (Supremo Tribunal de Justi\u00e7a Desportiva) na pr\u00f3xima sexta-feira, \u00e0s 12h, por lance com o zagueiro Jomar no cl\u00e1ssico contra o Vasco. A Procuradoria da entidade considerou que o capit\u00e3o tricolor acertou o rosto do advers\u00e1rio propositalmente e aplicou uma puni\u00e7\u00e3o de quatro partidas no primeiro julgamento. Desde ent\u00e3o, o camisa 9 est\u00e1 atuando pela equipe carioca gra\u00e7as a um efeito suspensivo. O julgamento desta sexta-feira ser\u00e1 no Pleno do STJD e o atacante pode pegar um gancho de at\u00e9 12 partidas. A estrat\u00e9gia do Fluminense \u00e9 de tentar [&hellip;]<\/p>\n","protected":false},"author":1,"featured_media":2480,"comment_status":"open","ping_status":"open","sticky":false,"template":"","format":"standard","meta":{"_links_to":"","_links_to_target":""},"categories":[9,1],"tags":[],"views":2612,"_links":{"self":[{"href":"https:\/\/www.brazilianpress.com\/v1\/wp-json\/wp\/v2\/posts\/2486"}],"collection":[{"href":"https:\/\/www.brazilianpress.com\/v1\/wp-json\/wp\/v2\/posts"}],"about":[{"href":"https:\/\/www.brazilianpress.com\/v1\/wp-json\/wp\/v2\/types\/post"}],"author":[{"embeddable":true,"href":"https:\/\/www.brazilianpress.com\/v1\/wp-json\/wp\/v2\/users\/1"}],"replies":[{"embeddable":true,"href":"https:\/\/www.brazilianpress.com\/v1\/wp-json\/wp\/v2\/comments?post=2486"}],"version-history":[{"count":2,"href":"https:\/\/www.brazilianpress.com\/v1\/wp-json\/wp\/v2\/posts\/2486\/revisions"}],"predecessor-version":[{"id":2509,"href":"https:\/\/www.brazilianpress.com\/v1\/wp-json\/wp\/v2\/posts\/2486\/revisions\/2509"}],"wp:featuredmedia":[{"embeddable":true,"href":"https:\/\/www.brazilianpress.com\/v1\/wp-json\/wp\/v2\/media\/2480"}],"wp:attachment":[{"href":"https:\/\/www.brazilianpress.com\/v1\/wp-json\/wp\/v2\/media?parent=2486"}],"wp:term":[{"taxonomy":"category","embeddable":true,"href":"https:\/\/www.brazilianpress.com\/v1\/wp-json\/wp\/v2\/categories?post=2486"},{"taxonomy":"post_tag","embeddable":true,"href":"https:\/\/www.brazilianpress.com\/v1\/wp-json\/wp\/v2\/tags?post=2486"}],"curies":[{"name":"wp","href":"https:\/\/api.w.org\/{rel}","templated":true}]}}