{"id":2489,"date":"2013-08-22T09:15:25","date_gmt":"2013-08-22T13:15:25","guid":{"rendered":"http:\/\/www.brazilianpress.com\/v1\/?p=2489"},"modified":"2013-08-22T09:15:25","modified_gmt":"2013-08-22T13:15:25","slug":"vazamento-de-agua-radioativa-em-fukushima-e-o-pior-registrado-desde-tsunami-de-2011","status":"publish","type":"post","link":"https:\/\/www.brazilianpress.com\/v1\/2013\/08\/22\/vazamento-de-agua-radioativa-em-fukushima-e-o-pior-registrado-desde-tsunami-de-2011\/","title":{"rendered":"Vazamento de \u00e1gua radioativa em Fukushima \u00e9 o pior registrado desde tsunami de 2011"},"content":{"rendered":"<p>As autoridades do Jap\u00e3o qualificaram ontem (quarta-feira 21), de n\u00edvel 3 &#8211; correspondente a um incidente grave na escala internacional de eventos nucleares (Ines) &#8211; o vazamento de 300 toneladas de \u00e1gua altamente radioativa da central de Fukushima nos \u00faltimos dias. A classifica\u00e7\u00e3o de n\u00edvel 3 da escala de 0 a 7 corresponde ao vazamento de grande volume de material radioativo no interior da instala\u00e7\u00e3o. O acidente de Fukushima, em 11 de mar\u00e7o de 2011, atingiu o n\u00edvel 7, o mais elevado e que define &#8220;efeitos consider\u00e1veis para a sa\u00fade e o meio ambiente&#8221;.<\/p>\n<p><img class=\"alignnone size-full wp-image-2491\" alt=\"fukushima\" src=\"http:\/\/www.brazilianpress.com\/v1\/wp-content\/uploads\/2013\/08\/fukushima.jpg\" width=\"500\" srcset=\"https:\/\/www.brazilianpress.com\/v1\/wp-content\/uploads\/2013\/08\/fukushima.jpg 620w, https:\/\/www.brazilianpress.com\/v1\/wp-content\/uploads\/2013\/08\/fukushima-300x199.jpg 300w\" sizes=\"(max-width: 620px) 100vw, 620px\" \/><\/p>\n<p>Cerca de 300 toneladas de \u00e1gua radioativa vazaram de um tanque da usina nuclear japonesa, e segundo a operadora do complexo, a Tokyo Electric Power Company (TEPCO), h\u00e1 po\u00e7as com n\u00edveis extremamente elevados de radia\u00e7\u00e3o, de 100 millisieverts por hora.<!--more--><\/p>\n<p>\u2014 Isso significa que, em uma hora, voc\u00ea fica exposto ao n\u00edvel de radia\u00e7\u00e3o permitido para um trabalhador de uma usina nuclear em cinco anos \u2014 informou um porta-voz da empresa na ter\u00e7a-feira.<\/p>\n<p>Desde o tsunami que atingiu Fukushima, afetando os sistemas de refrigera\u00e7\u00e3o do reator e provocando colapsos, j\u00e1 ocorreram quatro vazamentos similares de tanques do mesmo tipo. Por\u00e9m, o vazamento mais recente \u00e9 o pior em termos de volume, disse o porta-voz da TEPCO. A companhia admitiu que a \u00e1gua t\u00f3xica pode contaminar as \u00e1guas subterr\u00e2neas e desaguar no Oceano Pac\u00edfico &#8220;a longo prazo&#8221;, mas disse estar trabalhando para evitar que isso ocorra.<\/p>\n<p>\u2014 Estamos transferindo a \u00e1gua contaminada de um tanque com problema de vazamento para tanques intactos, recuperando a \u00e1gua que vazou e o solo em torno dela. Tamb\u00e9m estamos refor\u00e7ando as barragens existentes em torno dos tanques \u2014 disse o porta-voz, enquanto a regi\u00e3o enfrentava uma chuva pesada na ter\u00e7a-feira.<\/p>\n<p>A TEPCO, que enfrenta enormes custos de limpeza, tem lutado para resolver o problema do grande volume de \u00e1gua radioativa acumulada em fun\u00e7\u00e3o da cont\u00ednua inje\u00e7\u00e3o para resfriar os reatores. A TEPCO admitiu em julho, pela primeira vez, que as \u00e1guas subterr\u00e2neas radioativas haviam deixado o local do vazamento.<\/p>\n<p>Os problemas levaram o governo japon\u00eas e sua institui\u00e7\u00e3o reguladora nuclear a afirmar que ficariam mais diretamente envolvidos na limpeza de Fukushima, ao inv\u00e9s de deix\u00e1-la por conta da operadora. Enquanto ningu\u00e9m \u00e9 oficialmente registrado como v\u00edtima fatal em decorr\u00eancia direta dos colapsos dos reatores de Fukushima, as grandes \u00e1reas em torno da usina tiveram que ser abandonadas. Dezenas de milhares de pessoas ainda n\u00e3o puderam retornar para as suas casas.<\/p>\n","protected":false},"excerpt":{"rendered":"<p>As autoridades do Jap\u00e3o qualificaram ontem (quarta-feira 21), de n\u00edvel 3 &#8211; correspondente a um incidente grave na escala internacional de eventos nucleares (Ines) &#8211; o vazamento de 300 toneladas de \u00e1gua altamente radioativa da central de Fukushima nos \u00faltimos dias. A classifica\u00e7\u00e3o de n\u00edvel 3 da escala de 0 a 7 corresponde ao vazamento de grande volume de material radioativo no interior da instala\u00e7\u00e3o. O acidente de Fukushima, em 11 de mar\u00e7o de 2011, atingiu o n\u00edvel 7, o mais elevado e que define &#8220;efeitos consider\u00e1veis para a sa\u00fade e o meio ambiente&#8221;. Cerca de 300 toneladas de \u00e1gua [&hellip;]<\/p>\n","protected":false},"author":1,"featured_media":2491,"comment_status":"open","ping_status":"open","sticky":false,"template":"","format":"standard","meta":{"_links_to":"","_links_to_target":""},"categories":[8,1],"tags":[],"views":2571,"_links":{"self":[{"href":"https:\/\/www.brazilianpress.com\/v1\/wp-json\/wp\/v2\/posts\/2489"}],"collection":[{"href":"https:\/\/www.brazilianpress.com\/v1\/wp-json\/wp\/v2\/posts"}],"about":[{"href":"https:\/\/www.brazilianpress.com\/v1\/wp-json\/wp\/v2\/types\/post"}],"author":[{"embeddable":true,"href":"https:\/\/www.brazilianpress.com\/v1\/wp-json\/wp\/v2\/users\/1"}],"replies":[{"embeddable":true,"href":"https:\/\/www.brazilianpress.com\/v1\/wp-json\/wp\/v2\/comments?post=2489"}],"version-history":[{"count":1,"href":"https:\/\/www.brazilianpress.com\/v1\/wp-json\/wp\/v2\/posts\/2489\/revisions"}],"predecessor-version":[{"id":2493,"href":"https:\/\/www.brazilianpress.com\/v1\/wp-json\/wp\/v2\/posts\/2489\/revisions\/2493"}],"wp:featuredmedia":[{"embeddable":true,"href":"https:\/\/www.brazilianpress.com\/v1\/wp-json\/wp\/v2\/media\/2491"}],"wp:attachment":[{"href":"https:\/\/www.brazilianpress.com\/v1\/wp-json\/wp\/v2\/media?parent=2489"}],"wp:term":[{"taxonomy":"category","embeddable":true,"href":"https:\/\/www.brazilianpress.com\/v1\/wp-json\/wp\/v2\/categories?post=2489"},{"taxonomy":"post_tag","embeddable":true,"href":"https:\/\/www.brazilianpress.com\/v1\/wp-json\/wp\/v2\/tags?post=2489"}],"curies":[{"name":"wp","href":"https:\/\/api.w.org\/{rel}","templated":true}]}}