{"id":24893,"date":"2016-09-29T17:35:26","date_gmt":"2016-09-29T21:35:26","guid":{"rendered":"http:\/\/www.brazilianpress.com\/v1\/?p=24893"},"modified":"2016-10-06T10:36:02","modified_gmt":"2016-10-06T14:36:02","slug":"reunam-a-galerinha-e-venham-celebrar-o-15o-kids-day-festival-neste-domingo","status":"publish","type":"post","link":"https:\/\/www.brazilianpress.com\/v1\/2016\/09\/29\/reunam-a-galerinha-e-venham-celebrar-o-15o-kids-day-festival-neste-domingo\/","title":{"rendered":"Re\u00fanam a galerinha e venham celebrar o 15\u00ba Kids Day Festival neste domingo"},"content":{"rendered":"<p><img loading=\"lazy\" class=\"alignnone size-full wp-image-24894\" src=\"http:\/\/www.brazilianpress.com\/v1\/wp-content\/uploads\/2016\/09\/kids-festival-2.jpg\" alt=\"kids-festival-2\" width=\"500\" height=\"333\" srcset=\"https:\/\/www.brazilianpress.com\/v1\/wp-content\/uploads\/2016\/09\/kids-festival-2.jpg 500w, https:\/\/www.brazilianpress.com\/v1\/wp-content\/uploads\/2016\/09\/kids-festival-2-300x200.jpg 300w\" sizes=\"(max-width: 500px) 100vw, 500px\" \/><\/p>\n<p><strong>RCosta-<\/strong> As fam\u00edlias na comunidade do Ironbound em Newark estar\u00e3o em festa no pr\u00f3ximo domingo. O Kids Day Festival chega ao seu 15\u00ba anivers\u00e1rio com uma megaprograma\u00e7\u00e3o para espalhar alegria, lazer e informa\u00e7\u00e3o em homenagem \u00e0s nossas crian\u00e7as.<!--more--> O evento j\u00e1 virou essencial e marca registrada nos calend\u00e1rios da cidade, chegando a reunir quase 1000 crian\u00e7as no ano passado. Realizado pelo Brazilian Press Newspaper, em parceria com o vereador Augusto Amador, KIDS DAY FESTIVAL promove uma tarde de divers\u00e3o, brincadeiras, jogos, distribui\u00e7\u00e3o de brinquedos e bicicletas, m\u00fasica, hot-dogs, pipoca, algod\u00e3o doce e atra\u00e7\u00f5es especiais como capoeira, dan\u00e7as folcl\u00f3ricas e outras atividades. O evento \u00e9 completamente gratuito e os pr\u00eamios s\u00e3o distribu\u00eddos atrav\u00e9s de brincadeiras com a participa\u00e7\u00e3o das crian\u00e7as, com produtos adquiridos em colabora\u00e7\u00e3o com comerciantes e representantes da comunidade. Domingo, dia 2 de outubro venham celebrar a maravilhosa aventura e privil\u00e9gio de ser crian\u00e7a, dando a elas uma tarde verdadeiramente dedicadas para elas, no playground da Ann Street School, Newark, New Jersey. KIDS DAY FESTIVAL 15 anos de sucesso.<\/p>\n","protected":false},"excerpt":{"rendered":"<p>RCosta- As fam\u00edlias na comunidade do Ironbound em Newark estar\u00e3o em festa no pr\u00f3ximo domingo. O Kids Day Festival chega ao seu 15\u00ba anivers\u00e1rio com uma megaprograma\u00e7\u00e3o para espalhar alegria, lazer e informa\u00e7\u00e3o em homenagem \u00e0s nossas crian\u00e7as.<\/p>\n","protected":false},"author":1,"featured_media":24894,"comment_status":"open","ping_status":"open","sticky":false,"template":"","format":"standard","meta":{"_links_to":"","_links_to_target":""},"categories":[4,1],"tags":[],"views":2065,"_links":{"self":[{"href":"https:\/\/www.brazilianpress.com\/v1\/wp-json\/wp\/v2\/posts\/24893"}],"collection":[{"href":"https:\/\/www.brazilianpress.com\/v1\/wp-json\/wp\/v2\/posts"}],"about":[{"href":"https:\/\/www.brazilianpress.com\/v1\/wp-json\/wp\/v2\/types\/post"}],"author":[{"embeddable":true,"href":"https:\/\/www.brazilianpress.com\/v1\/wp-json\/wp\/v2\/users\/1"}],"replies":[{"embeddable":true,"href":"https:\/\/www.brazilianpress.com\/v1\/wp-json\/wp\/v2\/comments?post=24893"}],"version-history":[{"count":1,"href":"https:\/\/www.brazilianpress.com\/v1\/wp-json\/wp\/v2\/posts\/24893\/revisions"}],"predecessor-version":[{"id":24895,"href":"https:\/\/www.brazilianpress.com\/v1\/wp-json\/wp\/v2\/posts\/24893\/revisions\/24895"}],"wp:featuredmedia":[{"embeddable":true,"href":"https:\/\/www.brazilianpress.com\/v1\/wp-json\/wp\/v2\/media\/24894"}],"wp:attachment":[{"href":"https:\/\/www.brazilianpress.com\/v1\/wp-json\/wp\/v2\/media?parent=24893"}],"wp:term":[{"taxonomy":"category","embeddable":true,"href":"https:\/\/www.brazilianpress.com\/v1\/wp-json\/wp\/v2\/categories?post=24893"},{"taxonomy":"post_tag","embeddable":true,"href":"https:\/\/www.brazilianpress.com\/v1\/wp-json\/wp\/v2\/tags?post=24893"}],"curies":[{"name":"wp","href":"https:\/\/api.w.org\/{rel}","templated":true}]}}