{"id":24896,"date":"2016-09-30T06:53:28","date_gmt":"2016-09-30T10:53:28","guid":{"rendered":"http:\/\/www.brazilianpress.com\/v1\/?p=24896"},"modified":"2016-10-06T11:55:59","modified_gmt":"2016-10-06T15:55:59","slug":"tragedia-em-hoboken-advogada-brasileira-e-a-vitima-fatal-do-desastre-na-estacao-de-trem","status":"publish","type":"post","link":"https:\/\/www.brazilianpress.com\/v1\/2016\/09\/30\/tragedia-em-hoboken-advogada-brasileira-e-a-vitima-fatal-do-desastre-na-estacao-de-trem\/","title":{"rendered":"Trag\u00e9dia em Hoboken: Advogada brasileira \u00e9 a v\u00edtima fatal do desastre na esta\u00e7\u00e3o de trem"},"content":{"rendered":"<p><img loading=\"lazy\" class=\"alignnone size-full wp-image-24897\" src=\"http:\/\/www.brazilianpress.com\/v1\/wp-content\/uploads\/2016\/09\/Fab\u00edola-Bittar-hoboken.jpg\" alt=\"fabiola-bittar-hoboken\" width=\"500\" height=\"310\" srcset=\"https:\/\/www.brazilianpress.com\/v1\/wp-content\/uploads\/2016\/09\/Fab\u00edola-Bittar-hoboken.jpg 500w, https:\/\/www.brazilianpress.com\/v1\/wp-content\/uploads\/2016\/09\/Fab\u00edola-Bittar-hoboken-300x186.jpg 300w\" sizes=\"(max-width: 500px) 100vw, 500px\" \/><\/p>\n<p><strong>Trem de passageiros descarrilou na esta\u00e7\u00e3o Hoboken, Nova J\u00e9rsei, nos EUA. Morte Fab\u00edola Bittar de Kroon foi confirmada pela m\u00e3e da v\u00edtima.<\/strong><\/p>\n<p>A advogada brasileira Fab\u00edola Bittar de Kroon, de 34 anos, foi identificada pelas autoridades dos Estados Unidos como a \u00fanica v\u00edtima fatal em um acidente de trem que ocorreu nesta quinta-feira (29) no Estado de Nova J\u00e9rsei. O trem de passageiros descarrilou na esta\u00e7\u00e3o Hoboken.<!--more--> Fab\u00edola, que \u00e9 natural de Santos, no litoral de S\u00e3o Paulo, foi identificada no come\u00e7o da tarde no hor\u00e1rio de Bras\u00edlia. O marido dela, que \u00e9 holand\u00eas, estava fora da cidade e a filha do casal se encontrava em uma creche.<\/p>\n<p><img loading=\"lazy\" class=\"alignleft\" src=\"http:\/\/s2.glbimg.com\/6D8X0w3MMMjlRTue2RQoBmYlMcY=\/s.glbimg.com\/jo\/g1\/f\/original\/2016\/09\/29\/foto0.jpg\" alt=\"\" width=\"300\" height=\"225\" \/>De acordo com Sueli Bittar, m\u00e3e da v\u00edtima, a filha estava nos EUA h\u00e1 um ano. &#8220;A minha filha estava l\u00e1 procurando uma nova casa para morar com o marido e com a filha. O que posso dizer \u00e9 que agora fica um vazio. Ainda \u00e9 tudo um choque para a nossa fam\u00edlia. O meu marido nem consegue falar&#8221;, disse. Segundo informa\u00e7\u00f5es apuradas, Fab\u00edola era advogada, com experi\u00eancia na \u00e1rea jur\u00eddica e de neg\u00f3cios. Atualmente atuava no ramo de direito empresarial. De acordo com informa\u00e7\u00f5es da fam\u00edlia, ela se mudou para os Estados Unidos h\u00e1 pouco menos de um ano, onde morava com a filha pequena e o marido.<\/p>\n<p>O Itamaraty diz ainda n\u00e3o ter sido informado.\u00a0&#8220;At\u00e9 o momento, o Itamaraty n\u00e3o foi comunicado nem pelas autoridades locais e nem procurado por eventuais familiares da suposta v\u00edtima do acidente. O consulado do Brasil em Nova Iorque, que tem jurisdi\u00e7\u00e3o sobre Nova J\u00e9rsei, foi acionado para buscar mais informa\u00e7\u00f5es junto \u00e0s autoridades.&#8221;<\/p>\n<p><strong><img loading=\"lazy\" class=\"alignright\" src=\"http:\/\/s2.glbimg.com\/rLZ2x7ojUTaxhgaPIjqKd1MH8Fs=\/s.glbimg.com\/jo\/g1\/f\/original\/2016\/09\/29\/foto1_h4e9yUa.jpg\" alt=\"\" width=\"300\" height=\"400\" \/>Fam\u00edlia em &#8220;estado de choque&#8221;<\/strong><\/p>\n<p>A fam\u00edlia da advogada brasileira Fab\u00edola Bittar de Kroon, de 34 anos, programou uma viagem de emerg\u00eancia, nesta sexta-feira (30), para os Estados Unidos. A jovem, que \u00e9 natural de Santos, no litoral de S\u00e3o Paulo, foi identificada\u00a0pelas autoridades dos Estados Unidos como a \u00fanica v\u00edtima fatal em um acidente de trem que ocorreu nesta quinta-feira (29) no Estado de Nova J\u00e9rsei.<\/p>\n<p>Fab\u00edola foi identificada no come\u00e7o da tarde desta quinta-feira (29) no hor\u00e1rio de Bras\u00edlia. Identificado como Daan de Kroon, o marido dela, que \u00e9 holand\u00eas, estava fora da cidade e a filha do casal se encontrava em uma creche. Ele j\u00e1 foi notificado da morte da mulher e foi exatamente ele que entrou em contato com a fam\u00edlia da v\u00edtima, no Brasil, para comunicar a morte. De acordo com a m\u00e3e da v\u00edtima, Sueli Bittar, que atendeu por telefone, a ficha dos familiares ainda n\u00e3o caiu, j\u00e1 que tudo aconteceu muito r\u00e1pido. Ela explica que, no momento, os familiares est\u00e3o cuidando dos tr\u00e2mites para trazer o corpo para o pa\u00eds. &#8220;Agora, neste momento, a nossa prioridade \u00e9 trazer o corpo da nossa filha de volta para o Brasil. Estamos embarcando para os Estados Unidos para agilizar o processo. Estamos em estado de choque&#8221;, disse.<\/p>\n<p><img loading=\"lazy\" class=\"\" src=\"http:\/\/s2.glbimg.com\/5QjQqBkvFFWX3D1w0cI6LDwUewA=\/620x465\/s.glbimg.com\/jo\/g1\/f\/original\/2016\/09\/29\/foto3.jpg\" alt=\"Fab\u00edola Vittar de Kroon morreu ap\u00f3s trem sofrer acidente nos Estados Unidos (Foto: Reprodu\u00e7\u00e3o \/ Facebook)\" width=\"503\" height=\"377\" \/><\/p>\n<p>Amiga de Fab\u00edola h\u00e1 v\u00e1rios anos e ainda abalada, a santista Roberta Lima afirma que o casal tinha planos para se mudar para uma casa maior. \u201cA Fab\u00edola estava procurando uma casa ou um apartamento que fosse maior por causa da filha pequena deles, a Julia. Ela tinha pedido demiss\u00e3o do emprego dela e estava na cidade h\u00e1 apenas cinco meses ap\u00f3s o marido dela ter sido transferido\u201d, afirma.<\/p>\n<p>Em contato, o Itamaraty informou que busca informa\u00e7\u00f5es sobre v\u00edtimas brasileiras do acidente. &#8220;At\u00e9 o momento, o Itamaraty n\u00e3o foi comunicado nem pelas autoridades locais e nem procurado por eventuais familiares da suposta v\u00edtima do acidente. O consulado do Brasil em Nova Iorque, que tem jurisdi\u00e7\u00e3o sobre Nova J\u00e9rsei, foi acionado para buscar mais informa\u00e7\u00f5es junto \u00e0s autoridades.&#8221;<\/p>\n<p><img loading=\"lazy\" class=\"\" src=\"http:\/\/s2.glbimg.com\/jd7wkZkacHP6TDRKGcCyOwPwkPg=\/1200x630\/filters:max_age(3600)\/s02.video.glbimg.com\/deo\/vi\/21\/16\/5341621\" alt=\"\" width=\"501\" height=\"263\" \/><\/p>\n<p><strong>O acidente<\/strong><\/p>\n<p>Autoridades afirmam que a brasileira estava de p\u00e9 na plataforma quando o trem n\u00famero 1614 n\u00e3o conseguiu parar ao entrar na esta\u00e7\u00e3o de Hoboken e se chocou contra a plataforma. O governador Chris Christie disse que o que se sabe \u00e9 que o trem chegou \u00e0 esta\u00e7\u00e3o numa velocidade alta e que os investigadores trabalham para saber o motivo.\u00a0De acordo com o portal NBC Nova York, informa\u00e7\u00f5es preliminares apontam que a batida foi acidental ou causada por um erro do operador.<\/p>\n<p>Fotos divulgadas em redes sociais mostram metal retorcido, vidros quebrados e muitos destro\u00e7os. A circula\u00e7\u00e3o de trens foi suspensa devido ao acidente, segundo a NJ Transit. Os feridos foram levados em macas para ambul\u00e2ncias enquanto mais de 100 membros de equipes de resgate isolaram a \u00e1rea da esta\u00e7\u00e3o. Dezenas de barcos da pol\u00edcia pararam no rio Hudson, que fica ao lado da esta\u00e7\u00e3o. Alguns passageiros ficaram presos em destro\u00e7os, segundo testemunhas e autoridades citadas pela ag\u00eancia de not\u00edcias Reuters, mas foram retirados posteriormente.<\/p>\n<p><img loading=\"lazy\" class=\"\" src=\"http:\/\/ep02.epimg.net\/internacional\/imagenes\/2016\/09\/29\/actualidad\/1475155728_710668_1475164956_noticia_fotograma.jpg\" alt=\"\" width=\"502\" height=\"282\" \/><\/p>\n","protected":false},"excerpt":{"rendered":"<p>Trem de passageiros descarrilou na esta\u00e7\u00e3o Hoboken, Nova J\u00e9rsei, nos EUA. Morte Fab\u00edola Bittar de Kroon foi confirmada pela m\u00e3e da v\u00edtima. A advogada brasileira Fab\u00edola Bittar de Kroon, de 34 anos, foi identificada pelas autoridades dos Estados Unidos como a \u00fanica v\u00edtima fatal em um acidente de trem que ocorreu nesta quinta-feira (29) no Estado de Nova J\u00e9rsei. O trem de passageiros descarrilou na esta\u00e7\u00e3o Hoboken.<\/p>\n","protected":false},"author":1,"featured_media":24897,"comment_status":"open","ping_status":"open","sticky":false,"template":"","format":"standard","meta":{"_links_to":"","_links_to_target":""},"categories":[4,1],"tags":[],"views":3874,"_links":{"self":[{"href":"https:\/\/www.brazilianpress.com\/v1\/wp-json\/wp\/v2\/posts\/24896"}],"collection":[{"href":"https:\/\/www.brazilianpress.com\/v1\/wp-json\/wp\/v2\/posts"}],"about":[{"href":"https:\/\/www.brazilianpress.com\/v1\/wp-json\/wp\/v2\/types\/post"}],"author":[{"embeddable":true,"href":"https:\/\/www.brazilianpress.com\/v1\/wp-json\/wp\/v2\/users\/1"}],"replies":[{"embeddable":true,"href":"https:\/\/www.brazilianpress.com\/v1\/wp-json\/wp\/v2\/comments?post=24896"}],"version-history":[{"count":1,"href":"https:\/\/www.brazilianpress.com\/v1\/wp-json\/wp\/v2\/posts\/24896\/revisions"}],"predecessor-version":[{"id":24898,"href":"https:\/\/www.brazilianpress.com\/v1\/wp-json\/wp\/v2\/posts\/24896\/revisions\/24898"}],"wp:featuredmedia":[{"embeddable":true,"href":"https:\/\/www.brazilianpress.com\/v1\/wp-json\/wp\/v2\/media\/24897"}],"wp:attachment":[{"href":"https:\/\/www.brazilianpress.com\/v1\/wp-json\/wp\/v2\/media?parent=24896"}],"wp:term":[{"taxonomy":"category","embeddable":true,"href":"https:\/\/www.brazilianpress.com\/v1\/wp-json\/wp\/v2\/categories?post=24896"},{"taxonomy":"post_tag","embeddable":true,"href":"https:\/\/www.brazilianpress.com\/v1\/wp-json\/wp\/v2\/tags?post=24896"}],"curies":[{"name":"wp","href":"https:\/\/api.w.org\/{rel}","templated":true}]}}