{"id":24920,"date":"2016-10-06T10:35:13","date_gmt":"2016-10-06T14:35:13","guid":{"rendered":"http:\/\/www.brazilianpress.com\/v1\/?p=24920"},"modified":"2016-10-06T12:12:16","modified_gmt":"2016-10-06T16:12:16","slug":"agenda-cultural-by-roger-costa-06102016","status":"publish","type":"post","link":"https:\/\/www.brazilianpress.com\/v1\/2016\/10\/06\/agenda-cultural-by-roger-costa-06102016\/","title":{"rendered":"Agenda Cultural By Roger Costa, 06\/10\/2016"},"content":{"rendered":"<p><strong><img loading=\"lazy\" class=\"alignnone size-full wp-image-24923\" src=\"http:\/\/www.brazilianpress.com\/v1\/wp-content\/uploads\/2016\/10\/agenda-ed1804-20161006-3.jpg\" alt=\"agenda-ed1804-20161006-3\" width=\"500\" height=\"500\" srcset=\"https:\/\/www.brazilianpress.com\/v1\/wp-content\/uploads\/2016\/10\/agenda-ed1804-20161006-3.jpg 500w, https:\/\/www.brazilianpress.com\/v1\/wp-content\/uploads\/2016\/10\/agenda-ed1804-20161006-3-150x150.jpg 150w, https:\/\/www.brazilianpress.com\/v1\/wp-content\/uploads\/2016\/10\/agenda-ed1804-20161006-3-300x300.jpg 300w\" sizes=\"(max-width: 500px) 100vw, 500px\" \/><br \/>\n*Jorge Vercillo apresenta-se em Manhattan&gt; <\/strong>Compositor, m\u00fasico e guitarrista de sucesso, <strong>Jorge Vercillo <\/strong>apresenta show intimista nesta sexta e s\u00e1bado no <strong>Subrosa<\/strong>, com dois sets a cada noite, na sexta \u00e0s 7h30pm e 9h30pm e no s\u00e1bado \u00e0s 9h00pm e \u00e0s 11h00pm. Entre seus muitos atributos, Jorge \u00e9 considerado um dos maiores compositores contempor\u00e2neos, cujas can\u00e7\u00f5es j\u00e1 foram consagradas por nomes como Milton Nascimento, Caetano, Bethania e Ana Carolina entre outros. <strong><em>Info: <\/em><\/strong><strong><em><a href=\"http:\/\/subrosanyc.com\/\">http:\/\/subrosanyc.com\/<\/a><\/em><\/strong><!--more--><\/p>\n<p><strong><img loading=\"lazy\" class=\"alignnone size-full wp-image-24925\" src=\"http:\/\/www.brazilianpress.com\/v1\/wp-content\/uploads\/2016\/10\/agenda-ed1804-20161006-5.jpg\" alt=\"agenda-ed1804-20161006-5\" width=\"500\" height=\"500\" srcset=\"https:\/\/www.brazilianpress.com\/v1\/wp-content\/uploads\/2016\/10\/agenda-ed1804-20161006-5.jpg 500w, https:\/\/www.brazilianpress.com\/v1\/wp-content\/uploads\/2016\/10\/agenda-ed1804-20161006-5-150x150.jpg 150w, https:\/\/www.brazilianpress.com\/v1\/wp-content\/uploads\/2016\/10\/agenda-ed1804-20161006-5-300x300.jpg 300w\" sizes=\"(max-width: 500px) 100vw, 500px\" \/><br \/>\n*Bebel Gilberto inaugura projeto musical da World Music Institute&gt; <\/strong>A estrela da Bossa-Nova <strong>Bebel Gilberto <\/strong>faz \u00faltima apresenta\u00e7\u00e3o do seu mais novo show hoje \u00e0s 10h00pm no teatro do <strong>National Sawdust <\/strong>no Brooklyn. Int\u00e9rprete de grande destaque internacional, a filha de Jo\u00e3o Gilberto e sobrinha de Chico Buarque encanta com a delicadeza v\u00edvida de suas interpreta\u00e7\u00f5es que variam entre Jazz, Bossa, Pop e Samba. <strong><em>Info: <\/em><\/strong><strong><em><a href=\"https:\/\/nationalsawdust.org\/event\/folk-bebel-gilberto-night-3\/\">https:\/\/nationalsawdust.org\/event\/folk-bebel-gilberto-night-3\/<\/a><\/em><\/strong><\/p>\n<p><strong><img loading=\"lazy\" class=\"alignnone size-full wp-image-24924\" src=\"http:\/\/www.brazilianpress.com\/v1\/wp-content\/uploads\/2016\/10\/agenda-ed1804-20161006-4.jpg\" alt=\"agenda-ed1804-20161006-4\" width=\"500\" height=\"309\" srcset=\"https:\/\/www.brazilianpress.com\/v1\/wp-content\/uploads\/2016\/10\/agenda-ed1804-20161006-4.jpg 500w, https:\/\/www.brazilianpress.com\/v1\/wp-content\/uploads\/2016\/10\/agenda-ed1804-20161006-4-300x185.jpg 300w\" sizes=\"(max-width: 500px) 100vw, 500px\" \/><br \/>\n*Filme e Recep\u00e7\u00e3o em tributo ao mestre polon\u00eas Kieslowski no Museu de Astoria&gt; <\/strong>O Momi da largada a grandiosa retrospectiva do premiado cineasta polon\u00eas <strong>Krzysztof Kieslowski <\/strong>nesta sexta \u00e0s 7h00pm com a exibi\u00e7\u00e3o do cultuado romance enigm\u00e1tico <strong>&#8220;A Dupla Vida de Veronique&#8221;.<\/strong> O filme estrelado por Irene Jacob foi um dos maiores sucessos no circuito de art house films no in\u00edcio da d\u00e9cada de 90 e foi premiado em Cannes. Introduzido por Annette Insdorf e Recep\u00e7\u00e3o com drinks ap\u00f3s a exibi\u00e7\u00e3o. <strong><em>Info: <\/em><\/strong><strong><em><a href=\"www.movingimage.us\">www.movingimage.us<\/a><\/em><\/strong><\/p>\n<p><strong><img loading=\"lazy\" class=\"alignnone size-full wp-image-24921\" src=\"http:\/\/www.brazilianpress.com\/v1\/wp-content\/uploads\/2016\/10\/agenda-ed1804-20161006-1.jpg\" alt=\"agenda-ed1804-20161006-1\" width=\"500\" height=\"363\" srcset=\"https:\/\/www.brazilianpress.com\/v1\/wp-content\/uploads\/2016\/10\/agenda-ed1804-20161006-1.jpg 500w, https:\/\/www.brazilianpress.com\/v1\/wp-content\/uploads\/2016\/10\/agenda-ed1804-20161006-1-300x218.jpg 300w\" sizes=\"(max-width: 500px) 100vw, 500px\" \/><br \/>\n*Danish Dance Theater apresenta novo trabalho Futurista&gt; <\/strong>A companhia de dan\u00e7a moderna l\u00edder na Dinamarca retorna ao palco do <strong>The Joyce Theater <\/strong>em NYC com um projeto futurista, concebido pelo Diretor Art\u00edstico Tim Rushton. <strong>&#8220;Black Diamond&#8221; <\/strong>apresenta a inventividade da companhia, tanto no vigor dos movimentos como no uso de tecnologia avan\u00e7ada em t\u00e9cnicas de palco, luzes e cen\u00e1rios. A m\u00fasica fica a cargo de Philip Glass, do compositor Romano Alexander Balansecu, e m\u00fasica eletr\u00f4nica por Anders Trentemoller. De 13 a 16 de outubro. Ingressos a partir de $10. <strong><em>Info: <\/em><\/strong><strong><em><a href=\"http:\/\/www.joyce.org\/performance\/danish-dance-theatre\/#.V_JnhygrLIU\">http:\/\/www.joyce.org\/performance\/danish-dance-theatre\/#.V_JnhygrLIU<\/a><\/em><\/strong><\/p>\n<p><strong><img loading=\"lazy\" class=\"alignnone size-full wp-image-24922\" src=\"http:\/\/www.brazilianpress.com\/v1\/wp-content\/uploads\/2016\/10\/agenda-ed1804-20161006-2.jpg\" alt=\"agenda-ed1804-20161006-2\" width=\"500\" height=\"258\" srcset=\"https:\/\/www.brazilianpress.com\/v1\/wp-content\/uploads\/2016\/10\/agenda-ed1804-20161006-2.jpg 500w, https:\/\/www.brazilianpress.com\/v1\/wp-content\/uploads\/2016\/10\/agenda-ed1804-20161006-2-300x155.jpg 300w\" sizes=\"(max-width: 500px) 100vw, 500px\" \/><br \/>\n*Sesame Street traz anima\u00e7\u00e3o a Newark&gt; <\/strong>Os personagens mais divertidos do bloco ganham vida neste espet\u00e1culo que oferece divers\u00e3o a toda a fam\u00edlia. O palco do <strong>NJPAC<\/strong> em Downtown Newark ser\u00e1 contagiado pela alegria e cores das aventuras de <strong>Elmo e seus amigos, Abby, Cadabby <\/strong>e mais descobrindo curiosidades sobre m\u00fasica e companheirismo no espetacular &#8220;Sunny Show&#8221; Live! Sexta \u00e0s 6h30pm, S\u00e1bado \u00e0s 10h30 da manh\u00e3 e \u00e0s 2h00 da tarde. <strong><em>Info: <\/em><\/strong><strong><em><a href=\"www.njpac.org\">www.njpac.org<\/a>.<\/em><\/strong><\/p>\n","protected":false},"excerpt":{"rendered":"<p>*Jorge Vercillo apresenta-se em Manhattan&gt; Compositor, m\u00fasico e guitarrista de sucesso, Jorge Vercillo apresenta show intimista nesta sexta e s\u00e1bado no Subrosa, com dois sets a cada noite, na sexta \u00e0s 7h30pm e 9h30pm e no s\u00e1bado \u00e0s 9h00pm e \u00e0s 11h00pm. Entre seus muitos atributos, Jorge \u00e9 considerado um dos maiores compositores contempor\u00e2neos, cujas can\u00e7\u00f5es j\u00e1 foram consagradas por nomes como Milton Nascimento, Caetano, Bethania e Ana Carolina entre outros. Info: http:\/\/subrosanyc.com\/<\/p>\n","protected":false},"author":1,"featured_media":24923,"comment_status":"open","ping_status":"open","sticky":false,"template":"","format":"standard","meta":{"_links_to":"","_links_to_target":""},"categories":[20,4,1],"tags":[],"views":2467,"_links":{"self":[{"href":"https:\/\/www.brazilianpress.com\/v1\/wp-json\/wp\/v2\/posts\/24920"}],"collection":[{"href":"https:\/\/www.brazilianpress.com\/v1\/wp-json\/wp\/v2\/posts"}],"about":[{"href":"https:\/\/www.brazilianpress.com\/v1\/wp-json\/wp\/v2\/types\/post"}],"author":[{"embeddable":true,"href":"https:\/\/www.brazilianpress.com\/v1\/wp-json\/wp\/v2\/users\/1"}],"replies":[{"embeddable":true,"href":"https:\/\/www.brazilianpress.com\/v1\/wp-json\/wp\/v2\/comments?post=24920"}],"version-history":[{"count":1,"href":"https:\/\/www.brazilianpress.com\/v1\/wp-json\/wp\/v2\/posts\/24920\/revisions"}],"predecessor-version":[{"id":24926,"href":"https:\/\/www.brazilianpress.com\/v1\/wp-json\/wp\/v2\/posts\/24920\/revisions\/24926"}],"wp:featuredmedia":[{"embeddable":true,"href":"https:\/\/www.brazilianpress.com\/v1\/wp-json\/wp\/v2\/media\/24923"}],"wp:attachment":[{"href":"https:\/\/www.brazilianpress.com\/v1\/wp-json\/wp\/v2\/media?parent=24920"}],"wp:term":[{"taxonomy":"category","embeddable":true,"href":"https:\/\/www.brazilianpress.com\/v1\/wp-json\/wp\/v2\/categories?post=24920"},{"taxonomy":"post_tag","embeddable":true,"href":"https:\/\/www.brazilianpress.com\/v1\/wp-json\/wp\/v2\/tags?post=24920"}],"curies":[{"name":"wp","href":"https:\/\/api.w.org\/{rel}","templated":true}]}}