{"id":24928,"date":"2016-10-06T11:46:23","date_gmt":"2016-10-06T15:46:23","guid":{"rendered":"http:\/\/www.brazilianpress.com\/v1\/?p=24928"},"modified":"2016-10-06T11:46:23","modified_gmt":"2016-10-06T15:46:23","slug":"kelvin-diz-que-libertadores-anima-sao-paulo-a-reagir-no-brasileirao","status":"publish","type":"post","link":"https:\/\/www.brazilianpress.com\/v1\/2016\/10\/06\/kelvin-diz-que-libertadores-anima-sao-paulo-a-reagir-no-brasileirao\/","title":{"rendered":"Kelvin diz que Libertadores anima S\u00e3o Paulo a reagir no Brasileir\u00e3o"},"content":{"rendered":"<p><img loading=\"lazy\" class=\"alignnone size-full wp-image-24930\" src=\"http:\/\/www.brazilianpress.com\/v1\/wp-content\/uploads\/2016\/10\/kelvin-sao-paulo.jpg\" alt=\"kelvin-sao-paulo\" width=\"500\" height=\"300\" srcset=\"https:\/\/www.brazilianpress.com\/v1\/wp-content\/uploads\/2016\/10\/kelvin-sao-paulo.jpg 500w, https:\/\/www.brazilianpress.com\/v1\/wp-content\/uploads\/2016\/10\/kelvin-sao-paulo-300x180.jpg 300w\" sizes=\"(max-width: 500px) 100vw, 500px\" \/><\/p>\n<p>O atacante Kelvin destacou que a mudan\u00e7a de regulamento da Libertadores traz uma nova perspectiva para o S\u00e3o Paulo neste Brasileir\u00e3o. Para o pr\u00f3ximo ano, os seis primeiros colocados do Nacional ter\u00e3o acesso ao torneio continental.<\/p>\n<p>A Libertadores ter\u00e1\u00a044 equipes. O S\u00e3o Paulo atravessa situa\u00e7\u00e3o curiosa no Brasileir\u00e3o. Ao mesmo tempo em que est\u00e1 pr\u00f3ximo da zona de rebaixamento, o time do Morumbi tamb\u00e9m ficou perto da zona Libertadores, agora G-6. O S\u00e3o Paulo tem 35 pontos.<!--more--><\/p>\n<p>&#8220;Dependendo, podemos estar inclu\u00eddos [na Libertadores]. \u00c9 pensamento de jogo a jogo. E se no fim tivermos essa oportunidade, buscar tamb\u00e9m essa vaga na Libertadores&#8221;, destacou Kelvin.<\/p>\n<p>O S\u00e3o Paulo est\u00e1 quatro pontos acima do Figueirense, melhor colocado na zona de rebaixamento. J\u00e1 na briga por Libertadores, a equipe paulista est\u00e1 sete pontos de dist\u00e2ncia do Atl\u00e9tico-PR, sexto colocado.<\/p>\n<p>Segundo Kelvin, a not\u00edcia de que a Conmebol ampliou o n\u00famero de times brasileiros na Libertadores \u00e9 encarada como um est\u00edmulo para o elenco do S\u00e3o Paulo reagir no Brasileir\u00e3o.<\/p>\n<p>&#8220;\u00c9 um incentivo a mais para n\u00f3s jogadores e a diretoria do S\u00e3o Paulo. Isso pode acontecer. Mas nosso momento \u00e9 de pensar o agora [risco de rebaixamento]&#8221;, disse o atacante, que est\u00e1 emprestado ao S\u00e3o Paulo at\u00e9 o fim do ano.<\/p>\n","protected":false},"excerpt":{"rendered":"<p>O atacante Kelvin destacou que a mudan\u00e7a de regulamento da Libertadores traz uma nova perspectiva para o S\u00e3o Paulo neste Brasileir\u00e3o. Para o pr\u00f3ximo ano, os seis primeiros colocados do Nacional ter\u00e3o acesso ao torneio continental. A Libertadores ter\u00e1\u00a044 equipes. O S\u00e3o Paulo atravessa situa\u00e7\u00e3o curiosa no Brasileir\u00e3o. Ao mesmo tempo em que est\u00e1 pr\u00f3ximo da zona de rebaixamento, o time do Morumbi tamb\u00e9m ficou perto da zona Libertadores, agora G-6. O S\u00e3o Paulo tem 35 pontos.<\/p>\n","protected":false},"author":1,"featured_media":24930,"comment_status":"open","ping_status":"open","sticky":false,"template":"","format":"standard","meta":{"_links_to":"","_links_to_target":""},"categories":[9],"tags":[],"views":1571,"_links":{"self":[{"href":"https:\/\/www.brazilianpress.com\/v1\/wp-json\/wp\/v2\/posts\/24928"}],"collection":[{"href":"https:\/\/www.brazilianpress.com\/v1\/wp-json\/wp\/v2\/posts"}],"about":[{"href":"https:\/\/www.brazilianpress.com\/v1\/wp-json\/wp\/v2\/types\/post"}],"author":[{"embeddable":true,"href":"https:\/\/www.brazilianpress.com\/v1\/wp-json\/wp\/v2\/users\/1"}],"replies":[{"embeddable":true,"href":"https:\/\/www.brazilianpress.com\/v1\/wp-json\/wp\/v2\/comments?post=24928"}],"version-history":[{"count":1,"href":"https:\/\/www.brazilianpress.com\/v1\/wp-json\/wp\/v2\/posts\/24928\/revisions"}],"predecessor-version":[{"id":24932,"href":"https:\/\/www.brazilianpress.com\/v1\/wp-json\/wp\/v2\/posts\/24928\/revisions\/24932"}],"wp:featuredmedia":[{"embeddable":true,"href":"https:\/\/www.brazilianpress.com\/v1\/wp-json\/wp\/v2\/media\/24930"}],"wp:attachment":[{"href":"https:\/\/www.brazilianpress.com\/v1\/wp-json\/wp\/v2\/media?parent=24928"}],"wp:term":[{"taxonomy":"category","embeddable":true,"href":"https:\/\/www.brazilianpress.com\/v1\/wp-json\/wp\/v2\/categories?post=24928"},{"taxonomy":"post_tag","embeddable":true,"href":"https:\/\/www.brazilianpress.com\/v1\/wp-json\/wp\/v2\/tags?post=24928"}],"curies":[{"name":"wp","href":"https:\/\/api.w.org\/{rel}","templated":true}]}}