{"id":24933,"date":"2016-10-06T11:47:19","date_gmt":"2016-10-06T15:47:19","guid":{"rendered":"http:\/\/www.brazilianpress.com\/v1\/?p=24933"},"modified":"2016-10-06T11:47:19","modified_gmt":"2016-10-06T15:47:19","slug":"por-que-artilheiro-do-cruzeiro-em-2016-perdeu-vaga-com-mano","status":"publish","type":"post","link":"https:\/\/www.brazilianpress.com\/v1\/2016\/10\/06\/por-que-artilheiro-do-cruzeiro-em-2016-perdeu-vaga-com-mano\/","title":{"rendered":"Por que artilheiro do Cruzeiro em 2016 perdeu vaga com Mano"},"content":{"rendered":"<p><img loading=\"lazy\" class=\"alignnone size-full wp-image-24929\" src=\"http:\/\/www.brazilianpress.com\/v1\/wp-content\/uploads\/2016\/10\/cruzeiro-Giorgian-De-Arrascaeta-.jpg\" alt=\"cruzeiro-giorgian-de-arrascaeta\" width=\"500\" height=\"334\" srcset=\"https:\/\/www.brazilianpress.com\/v1\/wp-content\/uploads\/2016\/10\/cruzeiro-Giorgian-De-Arrascaeta-.jpg 500w, https:\/\/www.brazilianpress.com\/v1\/wp-content\/uploads\/2016\/10\/cruzeiro-Giorgian-De-Arrascaeta--300x200.jpg 300w\" sizes=\"(max-width: 500px) 100vw, 500px\" \/><\/p>\n<p>Giorgian De Arrascaeta \u00e9 o artilheiro do Cruzeiro em 2016, com dez gols assinalados. No entanto, perdeu a vaga na equipe comandada por Mano Menezes no triunfo sobre o Gr\u00eamio, neste s\u00e1bado (1\u00ba), no Mineir\u00e3o. Mas por que o treinador optou pela sa\u00edda do uruguaio da escala\u00e7\u00e3o?<!--more--><\/p>\n<p>O escolhido para a posi\u00e7\u00e3o ocupada pelo camisa 10 foi Rafinha. A fun\u00e7\u00e3o, entretanto, \u00e9 completamente diferente da desempenhada pelo gringo, de acordo com o comandante do time mineiro. A ideia era que o novo titular passasse a atuar com mais frequ\u00eancia na marca\u00e7\u00e3o:<\/p>\n<p>&#8220;Porque eu precisaria de 11, n\u00e3o \u00e9? Arrascaeta ficou fora porque um outro teria que entrar. A quest\u00e3o era a preocupa\u00e7\u00e3o com o meio-campo. Precis\u00e1vamos ter uma postura de mais composi\u00e7\u00e3o de meio. Rafinha foi mais meio-campista do que atacante. Arrascaeta \u00e9 mais atacante que meio-campista. Aquilo que voc\u00eas me perguntaram durante a semana, citando a dificuldade dos volantes, passa por a\u00ed&#8221;, afirmou.<\/p>\n<p>&#8220;O problema n\u00e3o est\u00e1 no setor de volantes. Nossos volantes correram demais contra o Corinthians. Se voc\u00ea vir a quilometragem do jogo, voc\u00eas v\u00e3o notar. N\u00e3o est\u00e1 faltando comprometimento e dedica\u00e7\u00e3o. \u00c0s vezes, falta um homem para ajudar na marca\u00e7\u00e3o e o Rafinha p\u00f4de fazer isso. Voc\u00ea tem dois caminhos para tomar. Ou coloca um terceiro volante ou coloca um meia que participa um pouco mais. Isso n\u00e3o quer dizer que Arrascaeta n\u00e3o vai poder jogar. Mas de agora para frente, voc\u00eas precisam entender e respeitar isso. Se ele jogar, outro sair\u00e1 e n\u00e3o ser\u00e1 um meio-campista&#8221;, acrescentou.<\/p>\n","protected":false},"excerpt":{"rendered":"<p>Giorgian De Arrascaeta \u00e9 o artilheiro do Cruzeiro em 2016, com dez gols assinalados. No entanto, perdeu a vaga na equipe comandada por Mano Menezes no triunfo sobre o Gr\u00eamio, neste s\u00e1bado (1\u00ba), no Mineir\u00e3o. Mas por que o treinador optou pela sa\u00edda do uruguaio da escala\u00e7\u00e3o?<\/p>\n","protected":false},"author":1,"featured_media":24929,"comment_status":"open","ping_status":"open","sticky":false,"template":"","format":"standard","meta":{"_links_to":"","_links_to_target":""},"categories":[9,1],"tags":[],"views":1843,"_links":{"self":[{"href":"https:\/\/www.brazilianpress.com\/v1\/wp-json\/wp\/v2\/posts\/24933"}],"collection":[{"href":"https:\/\/www.brazilianpress.com\/v1\/wp-json\/wp\/v2\/posts"}],"about":[{"href":"https:\/\/www.brazilianpress.com\/v1\/wp-json\/wp\/v2\/types\/post"}],"author":[{"embeddable":true,"href":"https:\/\/www.brazilianpress.com\/v1\/wp-json\/wp\/v2\/users\/1"}],"replies":[{"embeddable":true,"href":"https:\/\/www.brazilianpress.com\/v1\/wp-json\/wp\/v2\/comments?post=24933"}],"version-history":[{"count":1,"href":"https:\/\/www.brazilianpress.com\/v1\/wp-json\/wp\/v2\/posts\/24933\/revisions"}],"predecessor-version":[{"id":24934,"href":"https:\/\/www.brazilianpress.com\/v1\/wp-json\/wp\/v2\/posts\/24933\/revisions\/24934"}],"wp:featuredmedia":[{"embeddable":true,"href":"https:\/\/www.brazilianpress.com\/v1\/wp-json\/wp\/v2\/media\/24929"}],"wp:attachment":[{"href":"https:\/\/www.brazilianpress.com\/v1\/wp-json\/wp\/v2\/media?parent=24933"}],"wp:term":[{"taxonomy":"category","embeddable":true,"href":"https:\/\/www.brazilianpress.com\/v1\/wp-json\/wp\/v2\/categories?post=24933"},{"taxonomy":"post_tag","embeddable":true,"href":"https:\/\/www.brazilianpress.com\/v1\/wp-json\/wp\/v2\/tags?post=24933"}],"curies":[{"name":"wp","href":"https:\/\/api.w.org\/{rel}","templated":true}]}}