{"id":24937,"date":"2016-10-06T11:52:41","date_gmt":"2016-10-06T15:52:41","guid":{"rendered":"http:\/\/www.brazilianpress.com\/v1\/?p=24937"},"modified":"2016-10-06T11:52:41","modified_gmt":"2016-10-06T15:52:41","slug":"presidente-filipino-se-compara-a-hitler-e-diz-que-mataria-milhoes-de-viciados","status":"publish","type":"post","link":"https:\/\/www.brazilianpress.com\/v1\/2016\/10\/06\/presidente-filipino-se-compara-a-hitler-e-diz-que-mataria-milhoes-de-viciados\/","title":{"rendered":"Presidente filipino se compara a Hitler e diz que &#8220;mataria milh\u00f5es de viciados&#8221;"},"content":{"rendered":"<p><img loading=\"lazy\" class=\"alignnone size-full wp-image-24939\" src=\"http:\/\/www.brazilianpress.com\/v1\/wp-content\/uploads\/2016\/10\/presidente-filipino.jpg\" alt=\"_presidente-filipino\" width=\"499\" height=\"327\" srcset=\"https:\/\/www.brazilianpress.com\/v1\/wp-content\/uploads\/2016\/10\/presidente-filipino.jpg 499w, https:\/\/www.brazilianpress.com\/v1\/wp-content\/uploads\/2016\/10\/presidente-filipino-300x197.jpg 300w\" sizes=\"(max-width: 499px) 100vw, 499px\" \/><\/p>\n<p>O presidente das Filipinas, Rodrigo Duterte, voltou a criar pol\u00eamica na sexta-feira, ao comparar a si mesmo com o l\u00edder nazista Adolf Hitler.<\/p>\n<p>Durante uma entrevista coletiva, o controverso presidente tra\u00e7ou um paralelo entre a violenta pol\u00edtica antidrogas do seu governo e a pol\u00edtica sistem\u00e1tica de exterm\u00ednio de judeus pelo nazismo.<!--more--><\/p>\n<p>&#8220;Hitler massacrou tr\u00eas milh\u00f5es de judeus. H\u00e1 tr\u00eas milh\u00f5es de viciados em drogas (nas Filipinas). Eu ficaria feliz em mat\u00e1-los&#8221;, disse Duterte.\u00a0&#8220;Se a Alemanha teve\u00a0Hitler, pelo menos as Filipinas t\u00eam&#8230;&#8221;, prosseguiu, apontando para si mesmo.<\/p>\n<p>Desde que tomou posse em junho, o filipino linha-dura supervisiona uma violenta repress\u00e3o contra usu\u00e1rios de drogas e traficantes. N\u00fameros oficiais contabilizam mais de 3 mil pessoas mortas em opera\u00e7\u00f5es policiais.<\/p>\n<p>Os corpos dos mortos s\u00e3o muitas vezes deixados ao ar livre, para exposi\u00e7\u00e3o p\u00fablica, com sinais listando os crimes de que foram acusados.<\/p>\n<p>O presidente abertamente j\u00e1 declarou que queria &#8220;matar 100 mil criminosos&#8221; para reduzir a viol\u00eancia nas Filipinas.<\/p>\n<p>As mais recentes declara\u00e7\u00f5es foram feitas na cidade de Davao, onde o presidente desembarcava ap\u00f3s fazer uma visita ao Vietn\u00e3.<\/p>\n<p>Foi ali que, quando prefeito, Duterte implementou duras medidas anticrime, sendo acusado inclusive de autorizar a a\u00e7\u00e3o de esquadr\u00f5es da morte para matar criminosos.<\/p>\n<p>Os coment\u00e1rios foram prontamente criticados e classificados como &#8220;ultrajantes&#8221; por grupos judaicos, segundo a ag\u00eancia de not\u00edcias Reuters.<\/p>\n<p>&#8220;Duterte deve \u00e0s v\u00edtimas [do Hocausto] um pedido de desculpas por sua ret\u00f3rica repugnante&#8221;, disse o rabino Abraham Cooper, do Centro Simon Wiesenthal, com sede nos EUA.<\/p>\n<p>O grupo judaico Liga Antidifama\u00e7\u00e3o, tamb\u00e9m dos EUA, disse que os coment\u00e1rios foram &#8220;inapropriados e profundamente ofensivos&#8221;.<\/p>\n<p>&#8220;\u00c9 desconcertante que qualquer l\u00edder deseje se modelar pela figura de um monstro&#8221;, disse o diretor de comunica\u00e7\u00f5es da entidade, Todd Gutnick.<\/p>\n<p>Mais pol\u00eamicas<\/p>\n<p>Essa n\u00e3o \u00e9 a primeira declara\u00e7\u00e3o controversa de Rodrigo Duterte.<\/p>\n<p>Quando a Uni\u00e3o Europeia pediu que seu governo investigasse den\u00fancias de viola\u00e7\u00f5es de direitos humanos, ele disparou um discurso cheio de obscenidade e n\u00e3o hesitou em brandir o dedo m\u00e9dio para Bruxelas, sede do bloco europeu.<\/p>\n<p>Ele descreveu os membros da UE como hip\u00f3critas e questionou como o Reino Unido e a Fran\u00e7a tinham &#8220;a ousadia&#8221; de critic\u00e1-lo, quando seus antepassados \u200b\u200bcoloniais mataram &#8220;milhares de \u00e1rabes&#8221;.<\/p>\n<p>No in\u00edcio de setembro, Duterte n\u00e3o mediu palavras e chamou o presidente Barack Obama de &#8220;filho da p&#8230;&#8221; quando lhe perguntaram sobre suas expectativas para um encontro com o l\u00edder norte-americano.<\/p>\n<p>Obama havia dito que tocaria na quest\u00e3o da pol\u00edtica antidrogas de Duterte quando os dois se reunissem em car\u00e1ter bilateral \u00e0s margens da c\u00fapula da Associa\u00e7\u00e3o das Na\u00e7\u00f5es do Sudeste Asi\u00e1tico em Laos.<\/p>\n<p>&#8220;Voc\u00ea deve ser respeitoso. N\u00e3o basta lan\u00e7ar perguntas e declara\u00e7\u00f5es. Filho de uma p&#8230;, vou te amaldi\u00e7oar nesse f\u00f3rum&#8221;, disse Duterte.<\/p>\n<p>Obama acabou cancelando o encontro, dizendo que preferia ter conversas construtivas e produtivas com seus interlocutores.<\/p>\n","protected":false},"excerpt":{"rendered":"<p>O presidente das Filipinas, Rodrigo Duterte, voltou a criar pol\u00eamica na sexta-feira, ao comparar a si mesmo com o l\u00edder nazista Adolf Hitler. Durante uma entrevista coletiva, o controverso presidente tra\u00e7ou um paralelo entre a violenta pol\u00edtica antidrogas do seu governo e a pol\u00edtica sistem\u00e1tica de exterm\u00ednio de judeus pelo nazismo.<\/p>\n","protected":false},"author":1,"featured_media":24939,"comment_status":"open","ping_status":"open","sticky":false,"template":"","format":"standard","meta":{"_links_to":"","_links_to_target":""},"categories":[8,1],"tags":[],"views":1835,"_links":{"self":[{"href":"https:\/\/www.brazilianpress.com\/v1\/wp-json\/wp\/v2\/posts\/24937"}],"collection":[{"href":"https:\/\/www.brazilianpress.com\/v1\/wp-json\/wp\/v2\/posts"}],"about":[{"href":"https:\/\/www.brazilianpress.com\/v1\/wp-json\/wp\/v2\/types\/post"}],"author":[{"embeddable":true,"href":"https:\/\/www.brazilianpress.com\/v1\/wp-json\/wp\/v2\/users\/1"}],"replies":[{"embeddable":true,"href":"https:\/\/www.brazilianpress.com\/v1\/wp-json\/wp\/v2\/comments?post=24937"}],"version-history":[{"count":1,"href":"https:\/\/www.brazilianpress.com\/v1\/wp-json\/wp\/v2\/posts\/24937\/revisions"}],"predecessor-version":[{"id":24940,"href":"https:\/\/www.brazilianpress.com\/v1\/wp-json\/wp\/v2\/posts\/24937\/revisions\/24940"}],"wp:featuredmedia":[{"embeddable":true,"href":"https:\/\/www.brazilianpress.com\/v1\/wp-json\/wp\/v2\/media\/24939"}],"wp:attachment":[{"href":"https:\/\/www.brazilianpress.com\/v1\/wp-json\/wp\/v2\/media?parent=24937"}],"wp:term":[{"taxonomy":"category","embeddable":true,"href":"https:\/\/www.brazilianpress.com\/v1\/wp-json\/wp\/v2\/categories?post=24937"},{"taxonomy":"post_tag","embeddable":true,"href":"https:\/\/www.brazilianpress.com\/v1\/wp-json\/wp\/v2\/tags?post=24937"}],"curies":[{"name":"wp","href":"https:\/\/api.w.org\/{rel}","templated":true}]}}