{"id":2494,"date":"2013-08-22T09:17:13","date_gmt":"2013-08-22T13:17:13","guid":{"rendered":"http:\/\/www.brazilianpress.com\/v1\/?p=2494"},"modified":"2013-08-22T09:17:13","modified_gmt":"2013-08-22T13:17:13","slug":"bombardeios-deixam-pelo-menos-100-mortos-na-regiao-de-damasco-capital-da-siria","status":"publish","type":"post","link":"https:\/\/www.brazilianpress.com\/v1\/2013\/08\/22\/bombardeios-deixam-pelo-menos-100-mortos-na-regiao-de-damasco-capital-da-siria\/","title":{"rendered":"Bombardeios deixam pelo menos 100 mortos na regi\u00e3o de Damasco, capital da S\u00edria"},"content":{"rendered":"<p>Pelo menos 100 pessoas morreram na quarta-feira em bombardeios de grande intensidade contra redutos rebeldes nos sub\u00farbios da capital\u00a0da S\u00edria, anunciou o Observat\u00f3rio S\u00edrio dos Direitos Humanos (OSDH).<\/p>\n<p><img class=\"alignnone size-full wp-image-2490\" alt=\"G\" src=\"http:\/\/www.brazilianpress.com\/v1\/wp-content\/uploads\/2013\/08\/damasco.jpg\" width=\"500\" srcset=\"https:\/\/www.brazilianpress.com\/v1\/wp-content\/uploads\/2013\/08\/damasco.jpg 620w, https:\/\/www.brazilianpress.com\/v1\/wp-content\/uploads\/2013\/08\/damasco-300x193.jpg 300w\" sizes=\"(max-width: 620px) 100vw, 620px\" \/><\/p>\n<p>De acordo com um comunicado da ONG, o balan\u00e7o certamente aumentar\u00e1, pois os &#8220;ataques e bombardeios continuam&#8221; na regi\u00e3o de Damasco.<\/p>\n<p>O OSDH, que conta com uma ampla rede de ativistas e fontes m\u00e9dicas e militares, n\u00e3o se pronunciou sobre o poss\u00edvel uso de armas qu\u00edmicas pelas for\u00e7as do regime de Bashar al-Assad, denunciado por ativistas.<!--more--><\/p>\n<p>Os militantes contr\u00e1rios ao regime informaram quase 500 mortes. De acordo com eles, as v\u00edtimas faleceram em consequ\u00eancia da inala\u00e7\u00e3o de gases t\u00f3xicos e pelo uso de armas qu\u00edmicas.<\/p>\n<p>Os Comit\u00eas Populares de Coordena\u00e7\u00e3o (LCC) anunciaram que os ataques deixaram &#8220;centenas de m\u00e1rtires, al\u00e9m de centenas de feridos, essencialmente civis, incluindo dezenas de mulheres e crian\u00e7as, mortos pelo uso de gases t\u00f3xicos por parte do regime criminoso contra as localidades da Ghuta Oriental&#8221;.<\/p>\n<p>Tamb\u00e9m acusam o regime de ter cometido um &#8220;crime indescrit\u00edvel com armas qu\u00edmicas&#8221;.<\/p>\n<p>A comiss\u00e3o geral de revolu\u00e7\u00e3o s\u00edria divulgou v\u00eddeos no YouTube que mostram, segundo a organiza\u00e7\u00e3o, um &#8220;massacre cometido pelas for\u00e7as do regime com gases t\u00f3xicos, provocando v\u00e1rias dezenas de m\u00e1rtires e de feridos&#8221;.<\/p>\n<p>As autoridades s\u00edrias negaram o uso de armas qu\u00edmicas.<\/p>\n<p>\u2014 As informa\u00e7\u00f5es sobre a utiliza\u00e7\u00e3o de armas qu\u00edmicas na Ghuta (sub\u00farbio de Damasco) s\u00e3o totalmente falsas\u00a0\u2014 afirmou a ag\u00eancia oficial Sana.<\/p>\n","protected":false},"excerpt":{"rendered":"<p>Pelo menos 100 pessoas morreram na quarta-feira em bombardeios de grande intensidade contra redutos rebeldes nos sub\u00farbios da capital\u00a0da S\u00edria, anunciou o Observat\u00f3rio S\u00edrio dos Direitos Humanos (OSDH). De acordo com um comunicado da ONG, o balan\u00e7o certamente aumentar\u00e1, pois os &#8220;ataques e bombardeios continuam&#8221; na regi\u00e3o de Damasco. O OSDH, que conta com uma ampla rede de ativistas e fontes m\u00e9dicas e militares, n\u00e3o se pronunciou sobre o poss\u00edvel uso de armas qu\u00edmicas pelas for\u00e7as do regime de Bashar al-Assad, denunciado por ativistas.<\/p>\n","protected":false},"author":1,"featured_media":2490,"comment_status":"open","ping_status":"open","sticky":false,"template":"","format":"standard","meta":{"_links_to":"","_links_to_target":""},"categories":[8,1],"tags":[],"views":2153,"_links":{"self":[{"href":"https:\/\/www.brazilianpress.com\/v1\/wp-json\/wp\/v2\/posts\/2494"}],"collection":[{"href":"https:\/\/www.brazilianpress.com\/v1\/wp-json\/wp\/v2\/posts"}],"about":[{"href":"https:\/\/www.brazilianpress.com\/v1\/wp-json\/wp\/v2\/types\/post"}],"author":[{"embeddable":true,"href":"https:\/\/www.brazilianpress.com\/v1\/wp-json\/wp\/v2\/users\/1"}],"replies":[{"embeddable":true,"href":"https:\/\/www.brazilianpress.com\/v1\/wp-json\/wp\/v2\/comments?post=2494"}],"version-history":[{"count":1,"href":"https:\/\/www.brazilianpress.com\/v1\/wp-json\/wp\/v2\/posts\/2494\/revisions"}],"predecessor-version":[{"id":2495,"href":"https:\/\/www.brazilianpress.com\/v1\/wp-json\/wp\/v2\/posts\/2494\/revisions\/2495"}],"wp:featuredmedia":[{"embeddable":true,"href":"https:\/\/www.brazilianpress.com\/v1\/wp-json\/wp\/v2\/media\/2490"}],"wp:attachment":[{"href":"https:\/\/www.brazilianpress.com\/v1\/wp-json\/wp\/v2\/media?parent=2494"}],"wp:term":[{"taxonomy":"category","embeddable":true,"href":"https:\/\/www.brazilianpress.com\/v1\/wp-json\/wp\/v2\/categories?post=2494"},{"taxonomy":"post_tag","embeddable":true,"href":"https:\/\/www.brazilianpress.com\/v1\/wp-json\/wp\/v2\/tags?post=2494"}],"curies":[{"name":"wp","href":"https:\/\/api.w.org\/{rel}","templated":true}]}}