{"id":24941,"date":"2016-10-06T11:53:35","date_gmt":"2016-10-06T15:53:35","guid":{"rendered":"http:\/\/www.brazilianpress.com\/v1\/?p=24941"},"modified":"2016-10-06T11:53:35","modified_gmt":"2016-10-06T15:53:35","slug":"na-italia-criancas-migrantes-tem-banheiros-separados-em-escola","status":"publish","type":"post","link":"https:\/\/www.brazilianpress.com\/v1\/2016\/10\/06\/na-italia-criancas-migrantes-tem-banheiros-separados-em-escola\/","title":{"rendered":"Na It\u00e1lia crian\u00e7as migrantes t\u00eam banheiros separados em escola"},"content":{"rendered":"<p><img loading=\"lazy\" class=\"alignnone size-full wp-image-24938\" src=\"http:\/\/www.brazilianpress.com\/v1\/wp-content\/uploads\/2016\/10\/criancas-imigrantes.jpg\" alt=\"_criancas-imigrantes\" width=\"500\" height=\"320\" srcset=\"https:\/\/www.brazilianpress.com\/v1\/wp-content\/uploads\/2016\/10\/criancas-imigrantes.jpg 500w, https:\/\/www.brazilianpress.com\/v1\/wp-content\/uploads\/2016\/10\/criancas-imigrantes-300x192.jpg 300w\" sizes=\"(max-width: 500px) 100vw, 500px\" \/><\/p>\n<p>Dois meninos refugiados\u00a0que foram resgatados no mar e\u00a0chegaram sozinhos \u00e0 It\u00e1lia foram impedidos de usar o mesmo banheiro dos demais alunos da escola particular onde est\u00e3o matriculados.<\/p>\n<p>Os migrantes\u00a0t\u00eam 9 e 11 anos, um \u00e9 eg\u00edpcio e o outro \u00e9 et\u00edope.<!--more--><\/p>\n<p>Segundo mat\u00e9ria da Isto\u00c9, ap\u00f3s reclama\u00e7\u00e3o de pais, que acreditavam que a conviv\u00eancia poderia trazer riscos \u00e0 sa\u00fade de seus filhos, a escola apresentou atestados m\u00e9dicos que comprovaram o bom estado de sa\u00fade dos meninos. Por\u00e9m, isso n\u00e3o foi o bastante para convencer os pais.<\/p>\n<p>A escola, que fica em\u00a0Cagliari, Sardenha e \u00e9 administrada por freiras, \u00e0 princ\u00edpio, atendeu \u00e0 vontade\u00a0dos pais, reservando um banheiro s\u00f3 para os meninos refugiados, mas acabou voltando atr\u00e1s na\u00a0decis\u00e3o.<\/p>\n<p>Estes meninos viram com os pr\u00f3prios olhos os horrores da guerra. Devemos deixar que vivam em paz, devem sentir que s\u00e3o bem-vindos em nosso pa\u00eds\u201d. Uma das advogadas respons\u00e1veis pela tutela das crian\u00e7as disse em entrevista que os meninos ficam isolados no recreio e n\u00e3o \u00e9\u00a0s\u00f3 porque eles n\u00e3o falam italiano. A atitude das outras crian\u00e7as \u00e9, evidentemente, o reflexo do que escutam de seus pais\u201d.<\/p>\n","protected":false},"excerpt":{"rendered":"<p>Dois meninos refugiados\u00a0que foram resgatados no mar e\u00a0chegaram sozinhos \u00e0 It\u00e1lia foram impedidos de usar o mesmo banheiro dos demais alunos da escola particular onde est\u00e3o matriculados. Os migrantes\u00a0t\u00eam 9 e 11 anos, um \u00e9 eg\u00edpcio e o outro \u00e9 et\u00edope.<\/p>\n","protected":false},"author":1,"featured_media":24938,"comment_status":"open","ping_status":"open","sticky":false,"template":"","format":"standard","meta":{"_links_to":"","_links_to_target":""},"categories":[8,1],"tags":[],"views":1771,"_links":{"self":[{"href":"https:\/\/www.brazilianpress.com\/v1\/wp-json\/wp\/v2\/posts\/24941"}],"collection":[{"href":"https:\/\/www.brazilianpress.com\/v1\/wp-json\/wp\/v2\/posts"}],"about":[{"href":"https:\/\/www.brazilianpress.com\/v1\/wp-json\/wp\/v2\/types\/post"}],"author":[{"embeddable":true,"href":"https:\/\/www.brazilianpress.com\/v1\/wp-json\/wp\/v2\/users\/1"}],"replies":[{"embeddable":true,"href":"https:\/\/www.brazilianpress.com\/v1\/wp-json\/wp\/v2\/comments?post=24941"}],"version-history":[{"count":1,"href":"https:\/\/www.brazilianpress.com\/v1\/wp-json\/wp\/v2\/posts\/24941\/revisions"}],"predecessor-version":[{"id":24942,"href":"https:\/\/www.brazilianpress.com\/v1\/wp-json\/wp\/v2\/posts\/24941\/revisions\/24942"}],"wp:featuredmedia":[{"embeddable":true,"href":"https:\/\/www.brazilianpress.com\/v1\/wp-json\/wp\/v2\/media\/24938"}],"wp:attachment":[{"href":"https:\/\/www.brazilianpress.com\/v1\/wp-json\/wp\/v2\/media?parent=24941"}],"wp:term":[{"taxonomy":"category","embeddable":true,"href":"https:\/\/www.brazilianpress.com\/v1\/wp-json\/wp\/v2\/categories?post=24941"},{"taxonomy":"post_tag","embeddable":true,"href":"https:\/\/www.brazilianpress.com\/v1\/wp-json\/wp\/v2\/tags?post=24941"}],"curies":[{"name":"wp","href":"https:\/\/api.w.org\/{rel}","templated":true}]}}