{"id":24946,"date":"2016-10-06T12:00:51","date_gmt":"2016-10-06T16:00:51","guid":{"rendered":"http:\/\/www.brazilianpress.com\/v1\/?p=24946"},"modified":"2016-10-06T12:00:51","modified_gmt":"2016-10-06T16:00:51","slug":"como-drama-pessoal-levou-advogado-a-largar-carreira-para-criar-a-1a-maconha-medicinal-brasileira","status":"publish","type":"post","link":"https:\/\/www.brazilianpress.com\/v1\/2016\/10\/06\/como-drama-pessoal-levou-advogado-a-largar-carreira-para-criar-a-1a-maconha-medicinal-brasileira\/","title":{"rendered":"Como drama pessoal levou advogado a largar carreira para criar a 1\u00aa maconha medicinal brasileira"},"content":{"rendered":"<p><img loading=\"lazy\" class=\"alignnone size-full wp-image-24947\" src=\"http:\/\/www.brazilianpress.com\/v1\/wp-content\/uploads\/2016\/10\/maconha-medicinal.jpg\" alt=\"maconha-medicinal\" width=\"500\" height=\"281\" srcset=\"https:\/\/www.brazilianpress.com\/v1\/wp-content\/uploads\/2016\/10\/maconha-medicinal.jpg 500w, https:\/\/www.brazilianpress.com\/v1\/wp-content\/uploads\/2016\/10\/maconha-medicinal-300x169.jpg 300w\" sizes=\"(max-width: 500px) 100vw, 500px\" \/><\/p>\n<p>Aos 35 anos, Caio Abreu tinha a vida profissional ganha: passagem por grandes escrit\u00f3rios de advocacia, faturamento alto na pr\u00f3pria empresa e dois filhos pequenos crescendo com conforto ao lado da mulher em S\u00e3o Paulo.<\/p>\n<p>Ele resolveu, contudo, largar a carreira e se reinventar no mundo dos neg\u00f3cios com uma miss\u00e3o ousada: criar a primeira ind\u00fastria brasileira de medicamentos \u00e0 base de maconha.<!--more--><\/p>\n<p>O projeto n\u00e3o est\u00e1 para brincadeira: re\u00fane investidores, cientistas de ponta e parceiros em pa\u00edses que j\u00e1 regulamentaram a\u00a0<em>Cannabis<\/em>\u00a0medicinal, como Canad\u00e1 e Holanda.<\/p>\n<p>J\u00e1 possui autoriza\u00e7\u00e3o da Anvisa (Ag\u00eancia Nacional de Vigil\u00e2ncia Sanit\u00e1ria) para importar 20 kg de mat\u00e9ria-prima e desenvolver o primeiro &#8220;candidato a medicamento&#8221;, que ainda precisar\u00e1 passar por testes em humanos para uma eventual libera\u00e7\u00e3o comercial.<\/p>\n<p>A empresa tenta avan\u00e7ar com cautela, j\u00e1 que o uso medicinal da maconha ainda d\u00e1 seus primeiros passos legais no Brasil.<\/p>\n<p>A empreitada de Abreu mira, naturalmente, o potencial econ\u00f4mico desse mercado, que j\u00e1 movimenta bilh\u00f5es de d\u00f3lares em pa\u00edses como EUA, Reino Unido, Israel, Canad\u00e1 e Fran\u00e7a.<\/p>\n<p>S\u00f3 nos Estados Unidos as vendas legais de\u00a0<em>Cannabis<\/em>\u00a0para fins m\u00e9dicos e recreativos somaram US$ 2,6 bilh\u00f5es em 2014, segundo a revista brit\u00e2nica\u00a0<em>The Economist<\/em>.<\/p>\n<p>Foi um drama pessoal, contudo, que chamou a aten\u00e7\u00e3o do advogado para o potencial terap\u00eautico da planta.<\/p>\n<p>Em 2005, Sueli, m\u00e3e dele, come\u00e7ou a reclamar de dores na base da coluna. Passou por um sem-n\u00famero de m\u00e9dicos at\u00e9 uma amiga enfermeira sugerir um proctologista, que detectou um agressivo c\u00e2ncer no reto.<\/p>\n<p>Na mesma semana, Abreu hospedou a m\u00e3e em sua casa, em S\u00e3o Paulo, para assisti-la durante o tratamento duro que viria pela frente.<\/p>\n<p>O c\u00e2ncer atingiu o \u00fatero e passou a provocar dores excruciantes &#8211; causadas pela compress\u00e3o dos nervos pelo tumor -, amenizadas \u00e0 base de morfina.<\/p>\n<p>Foi quando Sueli, uma pedagoga que ganhara a vida em ag\u00eancias de publicidade, quis tentar uma alternativa &#8211; sabe-se que o efeito da quimio pode ser intoler\u00e1vel para certas pessoas, com preju\u00edzo ao tratamento.<\/p>\n<p>Abreu se desdobrou e conseguiu maconha para a m\u00e3e &#8211; recorrendo, claro, ao mercado ilegal. O uso, diz o filho, ajudou a minimizar a dor da compress\u00e3o dos nervos pelo tumor e efeitos da quimioterapia, como n\u00e1useas, v\u00f4mitos e falta de apetite.<\/p>\n<p>Sueli sucumbiu ao c\u00e2ncer em dezembro de 2009, aos 58 anos. Desde ent\u00e3o o filho conheceu sua atual mulher, teve dois filhos e continuou a tocar seu escrit\u00f3rio de direito societ\u00e1rio e mercado de capitais, que lhe rendeu uma vida confort\u00e1vel em um bairro nobre de S\u00e3o Paulo.<\/p>\n<p>Em dezembro de 2014, o Conselho Federal de Medicina autorizou m\u00e9dicos brasileiros a prescrever o CBD, mas a libera\u00e7\u00e3o foi limitada: somente neurologistas e psiquiatras receberam o aval, e apenas para crian\u00e7as e adolescentes com casos graves de epilepsia.<\/p>\n<p>No m\u00eas seguinte, a Anvisa passou a enquadrar o CBD como subst\u00e2ncia controlada, e n\u00e3o mais proibida &#8211; podendo, portanto, ser adquirida com receita m\u00e9dica e laudo de responsabilidade assinado por m\u00e9dico e paciente.<\/p>\n<p>O CBD j\u00e1 \u00e9 usado com sucesso nos EUA e em pa\u00edses da Europa contra epilepsias de dif\u00edcil tratamento. Foi a primeira vez que a Anvisa reconheceu o efeito terap\u00eautico de uma subst\u00e2ncia derivada da\u00a0<em>cannabis<\/em>\u00a0&#8211; desde ent\u00e3o, j\u00e1 autorizou cerca de 1,5 mil pedidos de importa\u00e7\u00e3o de produtos com o componente.<\/p>\n<p>Em mar\u00e7o deste ano, por determina\u00e7\u00e3o judicial, a ag\u00eancia liberou a prescri\u00e7\u00e3o e importa\u00e7\u00e3o de medicamentos com demais derivados da maconha, incluindo o THC (tetrahidrocanabinol), que tem efeito psicoativo. Tamb\u00e9m autorizou a prescri\u00e7\u00e3o de flores de\u00a0<em>Cannabis in natura<\/em>\u00a0para uso vaporizado.<\/p>\n<p>Foi a\u00ed que Abreu, hoje com 37 anos, viu uma oportunidade. Fechou o escrit\u00f3rio de advocacia e saiu em busca de parceiros, consultores e colaboradores para a empreitada.<\/p>\n<p>Um passo chave nesse processo foi atrair uma das principais empresas internacionais de maconha medicinal, a Canopy Growth Corp.<\/p>\n<p>A Canopy \u00e9 a maior firma licenciada para produ\u00e7\u00e3o de\u00a0<em>Cannabis<\/em>\u00a0do Canad\u00e1, pa\u00eds em que o consumo de maconha receitada por m\u00e9dicos \u00e9 legal desde 2001.<\/p>\n<p>Por meio da Bedrocan, subsidi\u00e1ria da Canopy especializada em produ\u00e7\u00e3o para uso terap\u00eautico, fornecer\u00e1 as flores de\u00a0<em>Cannabis<\/em>\u00a0para o desenvolvimento do primeiro rem\u00e9dio planejado pela empresa de Abreu, batizada Entourage Phytolab.<\/p>\n","protected":false},"excerpt":{"rendered":"<p>Aos 35 anos, Caio Abreu tinha a vida profissional ganha: passagem por grandes escrit\u00f3rios de advocacia, faturamento alto na pr\u00f3pria empresa e dois filhos pequenos crescendo com conforto ao lado da mulher em S\u00e3o Paulo. Ele resolveu, contudo, largar a carreira e se reinventar no mundo dos neg\u00f3cios com uma miss\u00e3o ousada: criar a primeira ind\u00fastria brasileira de medicamentos \u00e0 base de maconha.<\/p>\n","protected":false},"author":1,"featured_media":24947,"comment_status":"open","ping_status":"open","sticky":false,"template":"","format":"standard","meta":{"_links_to":"","_links_to_target":""},"categories":[7,1],"tags":[],"views":1808,"_links":{"self":[{"href":"https:\/\/www.brazilianpress.com\/v1\/wp-json\/wp\/v2\/posts\/24946"}],"collection":[{"href":"https:\/\/www.brazilianpress.com\/v1\/wp-json\/wp\/v2\/posts"}],"about":[{"href":"https:\/\/www.brazilianpress.com\/v1\/wp-json\/wp\/v2\/types\/post"}],"author":[{"embeddable":true,"href":"https:\/\/www.brazilianpress.com\/v1\/wp-json\/wp\/v2\/users\/1"}],"replies":[{"embeddable":true,"href":"https:\/\/www.brazilianpress.com\/v1\/wp-json\/wp\/v2\/comments?post=24946"}],"version-history":[{"count":1,"href":"https:\/\/www.brazilianpress.com\/v1\/wp-json\/wp\/v2\/posts\/24946\/revisions"}],"predecessor-version":[{"id":24948,"href":"https:\/\/www.brazilianpress.com\/v1\/wp-json\/wp\/v2\/posts\/24946\/revisions\/24948"}],"wp:featuredmedia":[{"embeddable":true,"href":"https:\/\/www.brazilianpress.com\/v1\/wp-json\/wp\/v2\/media\/24947"}],"wp:attachment":[{"href":"https:\/\/www.brazilianpress.com\/v1\/wp-json\/wp\/v2\/media?parent=24946"}],"wp:term":[{"taxonomy":"category","embeddable":true,"href":"https:\/\/www.brazilianpress.com\/v1\/wp-json\/wp\/v2\/categories?post=24946"},{"taxonomy":"post_tag","embeddable":true,"href":"https:\/\/www.brazilianpress.com\/v1\/wp-json\/wp\/v2\/tags?post=24946"}],"curies":[{"name":"wp","href":"https:\/\/api.w.org\/{rel}","templated":true}]}}