{"id":24949,"date":"2016-10-06T12:01:57","date_gmt":"2016-10-06T16:01:57","guid":{"rendered":"http:\/\/www.brazilianpress.com\/v1\/?p=24949"},"modified":"2016-10-06T12:01:57","modified_gmt":"2016-10-06T16:01:57","slug":"moro-nega-a-lula-mais-tempo-para-apresentar-defesa","status":"publish","type":"post","link":"https:\/\/www.brazilianpress.com\/v1\/2016\/10\/06\/moro-nega-a-lula-mais-tempo-para-apresentar-defesa\/","title":{"rendered":"Moro nega a Lula mais tempo para apresentar defesa"},"content":{"rendered":"<p><img loading=\"lazy\" class=\"alignnone size-full wp-image-24950\" src=\"http:\/\/www.brazilianpress.com\/v1\/wp-content\/uploads\/2016\/10\/moro-lula01.jpg\" alt=\"moro-lula01\" width=\"500\" height=\"281\" srcset=\"https:\/\/www.brazilianpress.com\/v1\/wp-content\/uploads\/2016\/10\/moro-lula01.jpg 500w, https:\/\/www.brazilianpress.com\/v1\/wp-content\/uploads\/2016\/10\/moro-lula01-300x169.jpg 300w\" sizes=\"(max-width: 500px) 100vw, 500px\" \/><\/p>\n<p>O juiz federal S\u00e9rgio Moro, respons\u00e1vel pelos inqu\u00e9ritos da Opera\u00e7\u00e3o Lava Jato na primeira inst\u00e2ncia, negou hoje (5) pedido feito pelos advogados do ex-presidente Luiz In\u00e1cio Lula da Silva para ampliar em 55 dias o prazo para manifesta\u00e7\u00e3o da defesa em inqu\u00e9rito da Lava Jato. O prazo vence hoje.<!--more--><\/p>\n<p>No despacho, Moro afirma n\u00e3o haver base legal para o pedido da defesa, que \u00e9 relacionado ao inqu\u00e9rito em que Lula, Marisa Let\u00edcia e outras seis pessoas foram denunciadas por corrup\u00e7\u00e3o passiva e lavagem de dinheiro pelo Minist\u00e9rio P\u00fablico Federal (MPF).<\/p>\n<p>\u201cN\u00e3o h\u00e1 como se deferir prazo adicional de cinquenta e cinco dias, conforme requerido pela Defesa, o que representaria o lapso temporal entre a instaura\u00e7\u00e3o do inqu\u00e9rito e o oferecimento da den\u00fancia. N\u00e3o h\u00e1 nenhuma base legal para essa pretens\u00e3o e o prazo do MPF para oferecer a den\u00fancia, de quinze dias, ap\u00f3s a conclus\u00e3o do inqu\u00e9rito, n\u00e3o tem qualquer rela\u00e7\u00e3o com o prazo para a resposta preliminar, pe\u00e7a bem menos complexa e que n\u00e3o se presta ao esgotamento das alega\u00e7\u00f5es das partes\u201d, argumentou o magistrado.<\/p>\n<p>Como o prazo da defesa encerra-se hoje, Moro decidiu conceder \u201cpor liberalidade\u201d, mais cinco dias, a contar a partir desta quarta-feira. \u201cEnt\u00e3o, n\u00e3o h\u00e1 falar que h\u00e1 qualquer dificuldade para [defesa] apresentar a resposta preliminar. Ali\u00e1s, a defesa do coacusado Jos\u00e9 Adelm\u00e1rio j\u00e1 apresentou sua resposta sem qualquer dificuldade\u201d, comparou o juiz, que tamb\u00e9m estendeu o prazo para a defesa de Adelm\u00e1rio.<\/p>\n<p>No pedido, a defesa argumentou \u201cser evidente\u201d que Lula e Marisa n\u00e3o podem ter \u201capenas o ex\u00edguo prazo indicado\u201d para apresentar defesa, seja em virtude da extens\u00e3o da pe\u00e7a acusat\u00f3ria e seus anexos, seja diante do prazo que a acusa\u00e7\u00e3o teve para conhecer os autos do inqu\u00e9rito policial e elaborar a den\u00fancia\u201d.<\/p>\n<p><strong>Pedido<\/strong><\/p>\n<p>O pedido da defesa de Lula e de Marisa Let\u00edcia foi apresentado na \u00faltima segunda-feira (3) dentro da a\u00e7\u00e3o na qual o ex-presidente e a esposa s\u00e3o r\u00e9us na Lava Jato. A den\u00fancia do MPF contra os dois e mais seis pessoas foi aceita no dia 20 de setembro por Moro.<\/p>\n<p>Lula foi denunciado por corrup\u00e7\u00e3o passiva e lavagem de dinheiro. Segundo os procuradores, o ex-presidente recebeu R$ 3,7 milh\u00f5es de propina de empresas envolvidas no esquema de corrup\u00e7\u00e3o da Petrobras, por meio de vantagens indevidas, entre elas, a reforma de um apartamento triplex no Guaruj\u00e1 (SP).<\/p>\n","protected":false},"excerpt":{"rendered":"<p>O juiz federal S\u00e9rgio Moro, respons\u00e1vel pelos inqu\u00e9ritos da Opera\u00e7\u00e3o Lava Jato na primeira inst\u00e2ncia, negou hoje (5) pedido feito pelos advogados do ex-presidente Luiz In\u00e1cio Lula da Silva para ampliar em 55 dias o prazo para manifesta\u00e7\u00e3o da defesa em inqu\u00e9rito da Lava Jato. O prazo vence hoje.<\/p>\n","protected":false},"author":1,"featured_media":24950,"comment_status":"open","ping_status":"open","sticky":false,"template":"","format":"standard","meta":{"_links_to":"","_links_to_target":""},"categories":[7,1],"tags":[],"views":1699,"_links":{"self":[{"href":"https:\/\/www.brazilianpress.com\/v1\/wp-json\/wp\/v2\/posts\/24949"}],"collection":[{"href":"https:\/\/www.brazilianpress.com\/v1\/wp-json\/wp\/v2\/posts"}],"about":[{"href":"https:\/\/www.brazilianpress.com\/v1\/wp-json\/wp\/v2\/types\/post"}],"author":[{"embeddable":true,"href":"https:\/\/www.brazilianpress.com\/v1\/wp-json\/wp\/v2\/users\/1"}],"replies":[{"embeddable":true,"href":"https:\/\/www.brazilianpress.com\/v1\/wp-json\/wp\/v2\/comments?post=24949"}],"version-history":[{"count":1,"href":"https:\/\/www.brazilianpress.com\/v1\/wp-json\/wp\/v2\/posts\/24949\/revisions"}],"predecessor-version":[{"id":24951,"href":"https:\/\/www.brazilianpress.com\/v1\/wp-json\/wp\/v2\/posts\/24949\/revisions\/24951"}],"wp:featuredmedia":[{"embeddable":true,"href":"https:\/\/www.brazilianpress.com\/v1\/wp-json\/wp\/v2\/media\/24950"}],"wp:attachment":[{"href":"https:\/\/www.brazilianpress.com\/v1\/wp-json\/wp\/v2\/media?parent=24949"}],"wp:term":[{"taxonomy":"category","embeddable":true,"href":"https:\/\/www.brazilianpress.com\/v1\/wp-json\/wp\/v2\/categories?post=24949"},{"taxonomy":"post_tag","embeddable":true,"href":"https:\/\/www.brazilianpress.com\/v1\/wp-json\/wp\/v2\/tags?post=24949"}],"curies":[{"name":"wp","href":"https:\/\/api.w.org\/{rel}","templated":true}]}}