{"id":24952,"date":"2016-10-06T12:04:24","date_gmt":"2016-10-06T16:04:24","guid":{"rendered":"http:\/\/www.brazilianpress.com\/v1\/?p=24952"},"modified":"2016-10-06T12:04:24","modified_gmt":"2016-10-06T16:04:24","slug":"comeca-hoje-o-2o-turno-das-eleicoes-para-a-prefeitura-de-belo-horizonte","status":"publish","type":"post","link":"https:\/\/www.brazilianpress.com\/v1\/2016\/10\/06\/comeca-hoje-o-2o-turno-das-eleicoes-para-a-prefeitura-de-belo-horizonte\/","title":{"rendered":"Come\u00e7a hoje o 2\u00ba. Turno das elei\u00e7\u00f5es para a Prefeitura de Belo Horizonte"},"content":{"rendered":"<p><img loading=\"lazy\" class=\"alignnone size-full wp-image-24953\" src=\"http:\/\/www.brazilianpress.com\/v1\/wp-content\/uploads\/2016\/10\/belo-horizonte-joao-leite-alexandre-kalil.jpg\" alt=\"belo-horizonte-joao-leite-alexandre-kalil\" width=\"500\" height=\"336\" srcset=\"https:\/\/www.brazilianpress.com\/v1\/wp-content\/uploads\/2016\/10\/belo-horizonte-joao-leite-alexandre-kalil.jpg 500w, https:\/\/www.brazilianpress.com\/v1\/wp-content\/uploads\/2016\/10\/belo-horizonte-joao-leite-alexandre-kalil-300x202.jpg 300w\" sizes=\"(max-width: 500px) 100vw, 500px\" \/><\/p>\n<p><em><strong>Por Fernanda Siqueira<\/strong><\/em><\/p>\n<p>Foi dada a largada para a disputa do 2\u00ba turno das elei\u00e7\u00f5es para a prefeitura de Belo Horizonte.\u00a0 Jo\u00e3o Leite (PSDB) e Alexandre Kalil (PHS) t\u00eam um novo desafio pela frente e tentam conquistar o maior n\u00famero de eleitores na capital.<\/p>\n<p>Diferentemente das elei\u00e7\u00f5es anteriores em que o per\u00edodo de campanha era mais longo, agora os candidatos t\u00eam um tempo mais curto para convencer a popula\u00e7\u00e3o belo horizontina.\u00a0 A tend\u00eancia \u00e9 que eles partam para as ruas em busca de votos.<!--more--><\/p>\n<p>Segundo a Justi\u00e7a Eleitoral \u00e9 permitido a distribui\u00e7\u00e3o de material de propaganda pol\u00edtica, carreatas, com\u00edcios, carros de som ap\u00f3s 24h do encerramento da vota\u00e7\u00e3o do primeiro turno.<\/p>\n<p>No r\u00e1dio e na televis\u00e3o, a previs\u00e3o para que a propaganda comece \u00a0no dia 15 de outubro, 15 dias antes da vota\u00e7\u00e3o que ocorre no dia 30. Os hor\u00e1rios em rede seguir\u00e3o at\u00e9 dia 28, dois dias antes das elei\u00e7\u00f5es.<\/p>\n<p>A propaganda nas ruas se encerra um dia antes, de acordo com a Justi\u00e7a Eleitoral.<\/p>\n<p><strong>Nova disputa<\/strong><\/p>\n<p>Ap\u00f3s derrotarem os advers\u00e1rios Rodrigo Pacheco (PMDB), Reginaldo Lopes (PT), D\u00e9lio Malheiros (PSD), Maria da Consola\u00e7\u00e3o (PSOL), Eros Biondini (PROS), Luis Tib\u00e9 (PTdoB), Sargento Rodrigues (PDT), Marcelo \u00c1lvaro (PR) e Vanessa Portugal (PSTU); Alexandre Kalil (PHS) e Jo\u00e3o Leite (PSDB) seguem para o segundo turno.<\/p>\n<p>O deputado tucano registrou 395.952 votos representando 33,40% dos votos v\u00e1lidos no primeiro turno, enquanto o empres\u00e1rio obteve 314.845 votos, o equivalente a 26,56% dos v\u00e1lidos.<\/p>\n<p>Neste novo embate, Jo\u00e3o Leite ter\u00e1 que desconstruir o discurso refrat\u00e1rio \u00e0 classe pol\u00edtica apresentado por Kalil. J\u00e1 seu advers\u00e1rio direto, precisar\u00e1 diminuir a diferen\u00e7a apresentada pelas pesquisas, que coloca o tucano \u00e0 frente na disputa pelo comando na cidade.<\/p>\n<p>Al\u00e9m disso, Jo\u00e3o Leite deve conquistar o apoio da maioria dos concorrentes do primeiro turno. Apenas Marcelo \u00c1lvaro e Reginaldo Lopes devem se aliar ao Kalil. Ao que tudo indica, nesta fase das elei\u00e7\u00f5es, Jo\u00e3o Leite deve mostrar-se agregador, e Kalil uma oposi\u00e7\u00e3o forte aos caciques pol\u00edticos.<\/p>\n","protected":false},"excerpt":{"rendered":"<p>Por Fernanda Siqueira Foi dada a largada para a disputa do 2\u00ba turno das elei\u00e7\u00f5es para a prefeitura de Belo Horizonte.\u00a0 Jo\u00e3o Leite (PSDB) e Alexandre Kalil (PHS) t\u00eam um novo desafio pela frente e tentam conquistar o maior n\u00famero de eleitores na capital. Diferentemente das elei\u00e7\u00f5es anteriores em que o per\u00edodo de campanha era mais longo, agora os candidatos t\u00eam um tempo mais curto para convencer a popula\u00e7\u00e3o belo horizontina.\u00a0 A tend\u00eancia \u00e9 que eles partam para as ruas em busca de votos.<\/p>\n","protected":false},"author":1,"featured_media":24953,"comment_status":"open","ping_status":"open","sticky":false,"template":"","format":"standard","meta":{"_links_to":"","_links_to_target":""},"categories":[7,1],"tags":[],"views":1795,"_links":{"self":[{"href":"https:\/\/www.brazilianpress.com\/v1\/wp-json\/wp\/v2\/posts\/24952"}],"collection":[{"href":"https:\/\/www.brazilianpress.com\/v1\/wp-json\/wp\/v2\/posts"}],"about":[{"href":"https:\/\/www.brazilianpress.com\/v1\/wp-json\/wp\/v2\/types\/post"}],"author":[{"embeddable":true,"href":"https:\/\/www.brazilianpress.com\/v1\/wp-json\/wp\/v2\/users\/1"}],"replies":[{"embeddable":true,"href":"https:\/\/www.brazilianpress.com\/v1\/wp-json\/wp\/v2\/comments?post=24952"}],"version-history":[{"count":1,"href":"https:\/\/www.brazilianpress.com\/v1\/wp-json\/wp\/v2\/posts\/24952\/revisions"}],"predecessor-version":[{"id":24954,"href":"https:\/\/www.brazilianpress.com\/v1\/wp-json\/wp\/v2\/posts\/24952\/revisions\/24954"}],"wp:featuredmedia":[{"embeddable":true,"href":"https:\/\/www.brazilianpress.com\/v1\/wp-json\/wp\/v2\/media\/24953"}],"wp:attachment":[{"href":"https:\/\/www.brazilianpress.com\/v1\/wp-json\/wp\/v2\/media?parent=24952"}],"wp:term":[{"taxonomy":"category","embeddable":true,"href":"https:\/\/www.brazilianpress.com\/v1\/wp-json\/wp\/v2\/categories?post=24952"},{"taxonomy":"post_tag","embeddable":true,"href":"https:\/\/www.brazilianpress.com\/v1\/wp-json\/wp\/v2\/tags?post=24952"}],"curies":[{"name":"wp","href":"https:\/\/api.w.org\/{rel}","templated":true}]}}