{"id":24958,"date":"2016-10-06T12:10:26","date_gmt":"2016-10-06T16:10:26","guid":{"rendered":"http:\/\/www.brazilianpress.com\/v1\/?p=24958"},"modified":"2016-10-13T09:43:58","modified_gmt":"2016-10-13T13:43:58","slug":"policia-de-elizabeth-nj-procura-homem-por-agressao-sexual-e-porte-de-arma","status":"publish","type":"post","link":"https:\/\/www.brazilianpress.com\/v1\/2016\/10\/06\/policia-de-elizabeth-nj-procura-homem-por-agressao-sexual-e-porte-de-arma\/","title":{"rendered":"Pol\u00edcia de Elizabeth, NJ, procura homem por agress\u00e3o sexual e porte de arma"},"content":{"rendered":"<p><img loading=\"lazy\" class=\"alignnone size-full wp-image-24959\" src=\"http:\/\/www.brazilianpress.com\/v1\/wp-content\/uploads\/2016\/10\/procurado-elizabeth-policia.jpg\" alt=\"procurado-elizabeth-policia\" width=\"500\" height=\"281\" srcset=\"https:\/\/www.brazilianpress.com\/v1\/wp-content\/uploads\/2016\/10\/procurado-elizabeth-policia.jpg 500w, https:\/\/www.brazilianpress.com\/v1\/wp-content\/uploads\/2016\/10\/procurado-elizabeth-policia-300x169.jpg 300w\" sizes=\"(max-width: 500px) 100vw, 500px\" \/><\/p>\n<p>A pol\u00edcia de Elizabeth, NJ, pede a ajuda do p\u00fablico para dar informa\u00e7\u00f5es sobre o paradeiro de Jair Ram\u00edrez que tem v\u00e1rias ordens de pris\u00e3o.<\/p>\n<p>Ram\u00edrez \u00e9 procurado pelas autoridades por estar envolvido em diferentes crimes, entre eles figuram, amea\u00e7a terrorista, agress\u00e3o usando arma e agress\u00e3o sexual, segundo informes.<!--more--><\/p>\n<p>Os incidentes ocorreram em setembro com apenas alguns dias de diferen\u00e7a. O primeiro deles ocorreu em 15 de setembro quando amea\u00e7ou uma adolescente de 15 anos om uma faca.<\/p>\n<p>Ram\u00edrez, \u00e9 tamb\u00e9m uma pessoa envolvida em fatos ocorridos na \u00faltima sexta-feira, 30 de setembro, onde um indiv\u00edduo exp\u00f4s seus genitais a uma menina de 10 anos e tentou seduzi-la para que o acompanhasse a uma rua escura pr\u00f3ximo do 208-210 da Orchard Street. Um vizinho preocupado disse que o suspeito fugiu quando o viu.<\/p>\n<p>A identidade do agressor n\u00e3o foi revelada, portanto, Ram\u00edrez \u00e9 apenas uma pessoa suspeita neste caso em particular no momento.<\/p>\n<p>O Departamento de Pol\u00edcia de Elizabeth, NJ, pede que se algu\u00e9m tem informa\u00e7\u00f5es acerca deste homem, por favor se comunique pelos telefones: (908)558-2111 o (908)558-2004.<\/p>\n<p>Ram\u00edrez \u00e9 considerado perigoso e pode estar armado, segundo a pol\u00edcia.<\/p>\n","protected":false},"excerpt":{"rendered":"<p>A pol\u00edcia de Elizabeth, NJ, pede a ajuda do p\u00fablico para dar informa\u00e7\u00f5es sobre o paradeiro de Jair Ram\u00edrez que tem v\u00e1rias ordens de pris\u00e3o. Ram\u00edrez \u00e9 procurado pelas autoridades por estar envolvido em diferentes crimes, entre eles figuram, amea\u00e7a terrorista, agress\u00e3o usando arma e agress\u00e3o sexual, segundo informes.<\/p>\n","protected":false},"author":1,"featured_media":24959,"comment_status":"open","ping_status":"open","sticky":false,"template":"","format":"standard","meta":{"_links_to":"","_links_to_target":""},"categories":[1,10],"tags":[],"views":1915,"_links":{"self":[{"href":"https:\/\/www.brazilianpress.com\/v1\/wp-json\/wp\/v2\/posts\/24958"}],"collection":[{"href":"https:\/\/www.brazilianpress.com\/v1\/wp-json\/wp\/v2\/posts"}],"about":[{"href":"https:\/\/www.brazilianpress.com\/v1\/wp-json\/wp\/v2\/types\/post"}],"author":[{"embeddable":true,"href":"https:\/\/www.brazilianpress.com\/v1\/wp-json\/wp\/v2\/users\/1"}],"replies":[{"embeddable":true,"href":"https:\/\/www.brazilianpress.com\/v1\/wp-json\/wp\/v2\/comments?post=24958"}],"version-history":[{"count":1,"href":"https:\/\/www.brazilianpress.com\/v1\/wp-json\/wp\/v2\/posts\/24958\/revisions"}],"predecessor-version":[{"id":24960,"href":"https:\/\/www.brazilianpress.com\/v1\/wp-json\/wp\/v2\/posts\/24958\/revisions\/24960"}],"wp:featuredmedia":[{"embeddable":true,"href":"https:\/\/www.brazilianpress.com\/v1\/wp-json\/wp\/v2\/media\/24959"}],"wp:attachment":[{"href":"https:\/\/www.brazilianpress.com\/v1\/wp-json\/wp\/v2\/media?parent=24958"}],"wp:term":[{"taxonomy":"category","embeddable":true,"href":"https:\/\/www.brazilianpress.com\/v1\/wp-json\/wp\/v2\/categories?post=24958"},{"taxonomy":"post_tag","embeddable":true,"href":"https:\/\/www.brazilianpress.com\/v1\/wp-json\/wp\/v2\/tags?post=24958"}],"curies":[{"name":"wp","href":"https:\/\/api.w.org\/{rel}","templated":true}]}}